{"id":1473,"date":"2020-04-02T22:22:27","date_gmt":"2020-04-02T20:22:27","guid":{"rendered":"https:\/\/spanelskodokapsy.cz\/?p=1473"},"modified":"2020-04-02T22:22:27","modified_gmt":"2020-04-02T20:22:27","slug":"jak-se-nezblaznit-v-casech-pandemie-a-spanelsky-ohrivacek-k-tomu","status":"publish","type":"post","link":"https:\/\/spanelskodokapsy.cz\/index.php\/2020\/04\/02\/jak-se-nezblaznit-v-casech-pandemie-a-spanelsky-ohrivacek-k-tomu\/","title":{"rendered":"Jak se nezbl\u00e1znit v \u010dasech pandemie a \u0161pan\u011blsk\u00fd oh\u0159\u00edv\u00e1\u010dek k tomu"},"content":{"rendered":"\n<p>Bo\u017ee, mn\u011b se st\u00fdsk\u00e1. Mn\u011b se tak st\u00fdsk\u00e1. Touto dobou u\u017e obvykle sleduji p\u0159edpov\u011b\u010f po\u010das\u00ed na jihu \u0160pan\u011blska, p\u0159em\u00fd\u0161l\u00edm, jestli vysta\u010d\u00edm s tenkou ko\u017eenou bundi\u010dkou a v\u016fn\u011b pomeran\u010dov\u00fdch kv\u011bt\u016f u\u017e u\u017e dot\u00edr\u00e1 na moje ch\u0159\u00edp\u00ed. Ne tak letos. I mn\u011b &#8211; tak jako v\u0161em &#8211; pandemie zhatila pl\u00e1ny. Letenky se prom\u011bnily v bezcenn\u00e9 c\u00e1ry pap\u00edru, itiner\u00e1\u0159e objevitelsk\u00fdch v\u00fdprav p\u0159i sam\u00e9 hranici Portugalska vzaly zasv\u00e9. Byly doby, kdy m\u011b \u0161tvalo, \u017ee m\u011b od vesel\u00e9ho ruchu \u0161pan\u011blsk\u00fdch ulic a kobaltov\u00e9 mod\u0159i \u010dist\u00e9ho nebe d\u011bl\u00ed t\u0159i hodiny letadlem. Ach, to byly \u010dasy. Zlat\u00e9.<\/p>\n\n\n\n<p>Dny pr\u00e1zdn\u00fdch reg\u00e1l\u016f, nejistoty, dom\u00e1c\u00edch housek bez kvasnic a \u0161patn\u00fdch zpr\u00e1v jsou otravn\u00e9 a tak trochu kouzeln\u00e9 z\u00e1rove\u0148. Vrac\u00ed se vzpom\u00ednky na d\u011btstv\u00ed, uspokojen\u00ed z vlastnoru\u010dn\u011b upe\u010den\u00e9ho chleba, pl\u00e1ny na \u010desk\u00e9 l\u00e9to u rybn\u00edka a v\u00fdlet do Krumlova bez z\u00e1stup\u016f japonsk\u00fdch a \u010d\u00ednsk\u00fdch turist\u016f (bez ur\u00e1\u017eky v\u016f\u010di uveden\u00fdm n\u00e1rodnostem a bez ohledu na p\u016fvod koronaviru). A\u017e budete p\u0159\u00ed\u0161t\u011b st\u00e1t u plotny, na kter\u00e9 prsk\u00e1 dal\u0161\u00ed d\u00e1vka dom\u00e1c\u00edch pala\u010dinek, mezi obracen\u00edm vysv\u011btlovat dvojcifern\u00e9 d\u011blen\u00ed a marn\u011b p\u0159em\u00e1hat chu\u0165 na dal\u0161\u00ed decku v\u00edna, vzpome\u0148te si na n\u00e1sledujc\u00edc\u00ed moudra:<\/p>\n\n\n\n<ul><li>M\u00e1te pr\u00e1vo c\u00edtit se \u0161patn\u011b. Jmenovit\u011b smutn\u011b, vztekle, znud\u011bn\u011b, ubl\u00ed\u017een\u011b. Ano &#8211; nikdo v\u00e1m nic ned\u011bl\u00e1, jste zdrav\u00ed, pro va\u0161e &#8222;hrdinstv\u00ed&#8220; sta\u010d\u00ed sed\u011bt doma na zadku a ned\u011blat nic. Nen\u00ed to ale ani m\u00e1lo, ani lehk\u00e9. Nemus\u00edte vyklidit sklep, \u010d\u00edst, vyu\u017e\u00edt \u010das pro online kurzy a virtu\u00e1ln\u00ed prohl\u00eddky um\u011bleck\u00fdch d\u011bl, pokud po tom bezprost\u0159edn\u011b netou\u017e\u00edte. Nemus\u00edte na\u0161\u00edt rou\u0161ky s gumi\u010dkama pro celou ulici, pokud nechcete. M\u00edt v ud\u00e1lostech pasivn\u00ed roli je \u010dasto mnohem t\u011b\u017e\u0161\u00ed ne\u017e aktivn\u011b n\u011bco d\u011blat, bu\u010fte proto na sebe hodn\u00ed. Odpo\u010d\u00edvejte.<\/li><li>Kdo se p\u0159izp\u016fsob\u00ed, p\u0159e\u017eije. Inu, tak jako v\u017edycky. Neplakejte nad zru\u0161en\u00fdmi dovolen\u00fdmi, odlo\u017een\u00fdmi oslavami, svatbami a promocemi. Sv\u011bt je te\u010f mo\u017en\u00e1 tak trochu vzh\u016fru nohama, ale nakonec se p\u0159ece oto\u010d\u00ed do spr\u00e1vn\u00e9 polohy. Akceptujte sou\u010dasnou situaci co nejv\u00edc, zase bude l\u00edp.<\/li><li>Plat\u00ed-li za norm\u00e1ln\u00edch okolnost\u00ed, \u017ee pokud nejde o \u017eivot, tak jde o h&#8230;, plat\u00ed to te\u010f t\u00edm sp\u00ed\u0161. Pokud pat\u0159\u00edte tak jako j\u00e1 mezi vystresovan\u00e9 a p\u0159et\u00ed\u017een\u00e9 rodi\u010de, snadno byste mohli propadnout dojmu, \u017ee mus\u00edte zareagovat na v\u0161echny online \u00fakoly a podn\u011bty, kter\u00fdch se v\u00e1m ze \u0161koly dostalo. To teda nemus\u00edte. Proto\u017ee a) \u0161koly jsou ofici\u00e1ln\u011b zav\u0159en\u00e9, b) d\u011bcka si i za norm\u00e1ln\u00edho vyu\u010dov\u00e1n\u00ed ze \u0161koly pamatuj\u00ed velk\u00e9 kulov\u00e9 a i to p\u0159es pr\u00e1zdniny zapomenou, c) to nejhor\u0161\u00ed, co se m\u016f\u017ee st\u00e1t, je, \u017ee va\u0161e d\u00edt\u011b nebude um\u011bt d\u011blit, slov\u00ed\u010dka nebo ur\u010dit v\u011btn\u00e9 druhy. NO A CO?<\/li><li>Udr\u017eujte si pokud mo\u017eno pozitivn\u00ed nalad\u011bn\u00ed a myslete na p\u011bkn\u00e9 v\u011bci. To znamen\u00e1, \u017ee budete muset prov\u00e9st filtraci zpr\u00e1v v TV, statistik, hoax\u016f, a omezit hovory s lidmi, jejich\u017e jedin\u00e9 t\u00e9ma je po\u010det p\u0159\u00edpad\u016f na JIP. Na v\u011bt\u0161inu dne aktu\u00e1ln\u00ed d\u011bn\u00ed bez skrupul\u00ed vyt\u011bsn\u011bte, bude v\u00e1m mnohem l\u00edp. <\/li><\/ul>\n\n\n\n<p>A v\u00edte co? S posledn\u00edm bodem hned za\u010dneme. Vyt\u00e1hla jsem \u010dty\u0159i vzpom\u00ednkov\u00e9 fotky ze \u0160pan\u011blska, sv\u016fj <em>oh\u0159\u00edv\u00e1\u010dek na zimu<\/em>. M\u016f\u017eeme se na n\u011b pod\u00edvat spolu &#8211; a pokud v\u00e1s inspirovaly, m\u016f\u017eete n\u00e1sledn\u011b prohrabat pro zm\u011bnu sv\u016fj telefon a zavzpom\u00ednat na n\u011bco p\u011bkn\u00e9ho \ud83d\ude42<\/p>\n\n\n\n<figure class=\"wp-block-image\"><img loading=\"lazy\" width=\"768\" height=\"1024\" src=\"https:\/\/spanelskodokapsy.cz\/wp-content\/uploads\/2020\/04\/IMG_6205-e1585854488669-768x1024.jpg\" alt=\"\" class=\"wp-image-1481\" srcset=\"https:\/\/spanelskodokapsy.cz\/wp-content\/uploads\/2020\/04\/IMG_6205-e1585854488669-768x1024.jpg 768w, https:\/\/spanelskodokapsy.cz\/wp-content\/uploads\/2020\/04\/IMG_6205-e1585854488669-225x300.jpg 225w, https:\/\/spanelskodokapsy.cz\/wp-content\/uploads\/2020\/04\/IMG_6205-e1585854488669.jpg 1512w\" sizes=\"(max-width: 767px) 89vw, (max-width: 1000px) 54vw, (max-width: 1071px) 543px, 580px\" \/><\/figure>\n\n\n\n<p>\u010c\u00edslo jedna, momentka z Barcelony. Hork\u00fd den ke konci srpna, teplota m\u00edrn\u011b p\u0159es t\u0159icet. M\u00edsto \u010dinu: are\u00e1l Poble Espanyol na \u00fapat\u00ed kopce Montj\u00fcic. Jako obvykle jsem v jednu odpoledne u\u017e mrtv\u00e1 hlady, ale state\u010dn\u011b vydr\u017e\u00edm a\u017e do p\u016fl druh\u00e9, kdy u\u017e je spole\u010densky p\u0159ijateln\u00e9 p\u0159ij\u00edt do restaurace na ob\u011bd (d\u0159\u00edv chod\u00ed jen turist\u00e9). Bylo takov\u00e9 vedro, \u017ee prvn\u00ed pivko ve mn\u011b zmizelo je\u0161t\u011b p\u0159edt\u00edm, ne\u017e p\u0159inesli tuhle skv\u011blou valencijskou paellu, moje nejobl\u00edben\u011bj\u0161\u00ed \u0161pan\u011blsk\u00e9 j\u00eddlo. Okam\u017eit\u011b jsem si objednala dal\u0161\u00ed, co\u017e se mi v tom horku \u00fapln\u011b nevyplatilo &#8211; vymotat se ze zahr\u00e1dky na ulici m\u011b pak st\u00e1lo trochu \u00fasil\u00ed.<\/p>\n\n\n\n<figure class=\"wp-block-image\"><img loading=\"lazy\" width=\"750\" height=\"1000\" src=\"https:\/\/spanelskodokapsy.cz\/wp-content\/uploads\/2020\/04\/IMG_0893-2.jpg\" alt=\"\" class=\"wp-image-1480\" srcset=\"https:\/\/spanelskodokapsy.cz\/wp-content\/uploads\/2020\/04\/IMG_0893-2.jpg 750w, https:\/\/spanelskodokapsy.cz\/wp-content\/uploads\/2020\/04\/IMG_0893-2-225x300.jpg 225w\" sizes=\"(max-width: 706px) 89vw, (max-width: 767px) 82vw, 740px\" \/><\/figure>\n\n\n\n<p>\u010c\u00edslo dv\u011b, akvadukt ve m\u011bst\u011b Segovia, autonomn\u00ed spole\u010denstv\u00ed Castilla y Le\u00f3n. Hisp\u00e1nie byla pod nadvl\u00e1dou \u0158\u00edmsk\u00e9 \u0159\u00ed\u0161e cel\u00fdch sedm stolet\u00ed &#8211; od roku 218 p\u0159. n. l. a\u017e do 5. stolet\u00ed n.l. Nen\u00ed divu, \u017ee za sebou \u0158\u00edman\u00e9 ve \u0160pan\u011blsku zanechali nejen jazyk, ale i dechberouc\u00ed mno\u017estv\u00ed rom\u00e1nsk\u00fdch pam\u00e1tek. Tou nejv\u00fdznamn\u011bj\u0161\u00ed ve \u0160pan\u011blsku &#8211; a dost mo\u017en\u00e1 v cel\u00e9m St\u0159edomo\u0159\u00ed &#8211; je segovijsk\u00fd akvadukt ze 2. stolet\u00ed p\u0159. n. l., kter\u00fd do m\u011bsta p\u0159iv\u00e1d\u011bl vodu ze 16 km vzd\u00e1len\u00e9ho poho\u0159\u00ed Sierra de Guadarrama. Stavba slou\u017eila sv\u00e9mu \u00fa\u010delu je\u0161t\u011b ve st\u0159edov\u011bku a po celou dobu byla pe\u010dliv\u011b udr\u017eov\u00e1na, proto se zachovala ve skv\u011bl\u00e9 kondici. Tenhle akvadukt mus\u00edte vid\u011bt na vlastn\u00ed o\u010di &#8211; a j\u00e1 se na n\u011bj ur\u010dit\u011b pojedu pod\u00edvat znovu!<\/p>\n\n\n\n<figure class=\"wp-block-image\"><img loading=\"lazy\" width=\"768\" height=\"1024\" src=\"https:\/\/spanelskodokapsy.cz\/wp-content\/uploads\/2020\/04\/IMG_2089-768x1024.jpg\" alt=\"\" class=\"wp-image-1479\" srcset=\"https:\/\/spanelskodokapsy.cz\/wp-content\/uploads\/2020\/04\/IMG_2089-768x1024.jpg 768w, https:\/\/spanelskodokapsy.cz\/wp-content\/uploads\/2020\/04\/IMG_2089-225x300.jpg 225w\" sizes=\"(max-width: 767px) 89vw, (max-width: 1000px) 54vw, (max-width: 1071px) 543px, 580px\" \/><\/figure>\n\n\n\n<p>T\u0159et\u00ed momentka je ze \u0161pan\u011blsk\u00e9 Valencie. Ned\u011ble na sam\u00e9m konci z\u00e1\u0159\u00ed, teplo, ale nikterak horko a ost\u0159ej\u0161\u00ed v\u011bt\u0159\u00edk. Den p\u0159edt\u00edm jsem neodolala koup\u00e1n\u00ed ve st\u00e1le je\u0161t\u011b tepl\u00e9m mo\u0159i a nastydla jsem. V ned\u011bli jsem se proto valencijsk\u00fdm centrem toulala s po\u0159\u00e1dnou r\u00fdmou a bolen\u00edm hlavy. Katal\u00e1nsk\u00fd n\u00e1zev mostu pro p\u011b\u0161\u00ed (na obr\u00e1zku vlevo) <strong>pont de Fusta<\/strong> m\u011b vytrhl z r\u00fdmi\u010dkov\u00e9 letargie a musela jsem si ho fascinovan\u011b vyfotit. &#8222;Fusta&#8220; je toti\u017e \u0161pan\u011blsky &#8222;bi\u010d\u00edk&#8220; (nap\u0159\u00edklad na kon\u011b). A\u017e o dva roky pozd\u011bji jsem na kurzu katal\u00e1n\u0161tiny zjistila, \u017ee &#8222;fusta&#8220; taky znamen\u00e1 katal\u00e1nsky &#8222;d\u0159evo&#8220;, a je p\u0159\u00edkladem jednoho z mnoha \u0161pan\u011blsk\u00fdch &#8222;fale\u0161n\u00fdch p\u0159\u00e1tel&#8220; pro studenty katal\u00e1n\u0161tiny. Tak t\u0159eba &#8222;cama&#8220; je \u0161pan\u011blsky &#8222;postel&#8220;, a katal\u00e1nsky &#8222;noha&#8220;, slovo &#8222;pis&#8220; znamen\u00e1 ve \u0161pan\u011bl\u0161tin\u011b &#8222;mo\u010d&#8220; a v katal\u00e1n\u0161tin\u011b &#8222;byt&#8220;. Jist\u011b uzn\u00e1te, \u017ee zm\u00fdlit se ve v\u00fdznamu zrovna ve v\u00fd\u0161e uveden\u00fdch p\u0159\u00edkladech se nemus\u00ed vyplatit.<\/p>\n\n\n\n<figure class=\"wp-block-image\"><img loading=\"lazy\" width=\"1024\" height=\"768\" src=\"https:\/\/spanelskodokapsy.cz\/wp-content\/uploads\/2020\/04\/IMG_3587-2-1024x768.jpg\" alt=\"\" class=\"wp-image-1476\" srcset=\"https:\/\/spanelskodokapsy.cz\/wp-content\/uploads\/2020\/04\/IMG_3587-2-1024x768.jpg 1024w, https:\/\/spanelskodokapsy.cz\/wp-content\/uploads\/2020\/04\/IMG_3587-2-300x225.jpg 300w, https:\/\/spanelskodokapsy.cz\/wp-content\/uploads\/2020\/04\/IMG_3587-2-768x576.jpg 768w\" sizes=\"(max-width: 767px) 89vw, (max-width: 1000px) 54vw, (max-width: 1071px) 543px, 580px\" \/><\/figure>\n\n\n\n<p>Tahle fotka je pro zm\u011bnu ze zimn\u00edho Madridu s teplotou sotva nad bodem mrazu, na obr\u00e1zku je socha Dona Quijota a jeho v\u011brn\u00e9ho p\u0159\u00edtele Sancha Panzy na n\u00e1m\u011bst\u00ed Plaza de Espa\u00f1a. &#8222;D\u016fmysln\u00fd ryt\u00ed\u0159 Don Quijote de la Mancha&#8220; vy\u0161el poprv\u00e9 v Madridu v roce 1605. D\u00edlko je to i s odstupem \u010dty\u0159 set let celkem \u010dtiv\u00e9 a pln\u00e9 origin\u00e1ln\u00ed filozofie. Co \u010cechu Dobr\u00fd voj\u00e1k \u0160vejk, to\u0165 \u0160pan\u011blu Don Quijote. Kdybyste si ho n\u00e1hodou cht\u011bli p\u0159e\u010d\u00edst, na str\u00e1nk\u00e1ch M\u011bstsk\u00e9 knihovny ho naleznete jako <a href=\"https:\/\/web2.mlp.cz\/koweb\/00\/04\/36\/73\/61\/don_quijote_de_la_mancha_i.pdf\">e-knihu<\/a>. V \u010dasech pandemick\u00fdch pamatujte, \u017ee jeden z popul\u00e1rn\u00edch cit\u00e1t\u016f z Dona Quijota zn\u00ed: <em>&#8222;El retirar no es huir, ni el esperar es cordura, cuando el peligro sobrepuja a la esperanza.&#8220;<\/em> Tedy: <em>&#8222;St\u00e1hnout se neznamen\u00e1 ut\u00e9ct, stejn\u011b jako \u010dekat neznamen\u00e1 p\u0159\u00edli\u0161nou opatrnost, kdy\u017e je nebezpe\u010d\u00ed v\u011bt\u0161\u00ed ne\u017e nad\u011bje.&#8220;<\/em> St\u00e1hn\u011bte se tedy pokojn\u011b do sv\u00fdch p\u0159\u00edbytk\u016f, dokud nebude m\u00edt nad\u011bje navrch. U\u017e to nebude dlouho trvat!<\/p>\n","protected":false},"excerpt":{"rendered":"<p>Bo\u017ee, mn\u011b se st\u00fdsk\u00e1. Mn\u011b se tak st\u00fdsk\u00e1. Touto dobou u\u017e obvykle sleduji p\u0159edpov\u011b\u010f po\u010das\u00ed na jihu \u0160pan\u011blska, p\u0159em\u00fd\u0161l\u00edm, jestli vysta\u010d\u00edm s tenkou ko\u017eenou bundi\u010dkou a v\u016fn\u011b pomeran\u010dov\u00fdch kv\u011bt\u016f u\u017e u\u017e dot\u00edr\u00e1 na moje ch\u0159\u00edp\u00ed. Ne tak letos. I mn\u011b &#8211; tak jako v\u0161em &#8211; pandemie zhatila pl\u00e1ny. Letenky se prom\u011bnily v bezcenn\u00e9 c\u00e1ry pap\u00edru, &hellip; <\/p>\n<p class=\"link-more\"><a href=\"https:\/\/spanelskodokapsy.cz\/index.php\/2020\/04\/02\/jak-se-nezblaznit-v-casech-pandemie-a-spanelsky-ohrivacek-k-tomu\/\" class=\"more-link\">Pokra\u010dovat ve \u010dten\u00ed<span class=\"screen-reader-text\"> &#8222;Jak se nezbl\u00e1znit v \u010dasech pandemie a \u0161pan\u011blsk\u00fd oh\u0159\u00edv\u00e1\u010dek k tomu&#8220;<\/span><\/a><\/p>\n","protected":false},"author":1,"featured_media":0,"comment_status":"open","ping_status":"open","sticky":false,"template":"","format":"standard","meta":[],"categories":[57,107],"tags":[24,135,111],"amp_enabled":true,"_links":{"self":[{"href":"https:\/\/spanelskodokapsy.cz\/index.php\/wp-json\/wp\/v2\/posts\/1473"}],"collection":[{"href":"https:\/\/spanelskodokapsy.cz\/index.php\/wp-json\/wp\/v2\/posts"}],"about":[{"href":"https:\/\/spanelskodokapsy.cz\/index.php\/wp-json\/wp\/v2\/types\/post"}],"author":[{"embeddable":true,"href":"https:\/\/spanelskodokapsy.cz\/index.php\/wp-json\/wp\/v2\/users\/1"}],"replies":[{"embeddable":true,"href":"https:\/\/spanelskodokapsy.cz\/index.php\/wp-json\/wp\/v2\/comments?post=1473"}],"version-history":[{"count":1,"href":"https:\/\/spanelskodokapsy.cz\/index.php\/wp-json\/wp\/v2\/posts\/1473\/revisions"}],"predecessor-version":[{"id":1482,"href":"https:\/\/spanelskodokapsy.cz\/index.php\/wp-json\/wp\/v2\/posts\/1473\/revisions\/1482"}],"wp:attachment":[{"href":"https:\/\/spanelskodokapsy.cz\/index.php\/wp-json\/wp\/v2\/media?parent=1473"}],"wp:term":[{"taxonomy":"category","embeddable":true,"href":"https:\/\/spanelskodokapsy.cz\/index.php\/wp-json\/wp\/v2\/categories?post=1473"},{"taxonomy":"post_tag","embeddable":true,"href":"https:\/\/spanelskodokapsy.cz\/index.php\/wp-json\/wp\/v2\/tags?post=1473"}],"curies":[{"name":"wp","href":"https:\/\/api.w.org\/{rel}","templated":true}]}}