{"id":1368,"date":"2020-01-25T09:10:32","date_gmt":"2020-01-25T08:10:32","guid":{"rendered":"https:\/\/spanelskodokapsy.cz\/?p=1368"},"modified":"2020-01-25T09:17:20","modified_gmt":"2020-01-25T08:17:20","slug":"madrid-s-detmi","status":"publish","type":"post","link":"https:\/\/spanelskodokapsy.cz\/index.php\/2020\/01\/25\/madrid-s-detmi\/","title":{"rendered":"Madrid s d\u011btmi"},"content":{"rendered":"\n<p>\u201cToma, cari\u00f1o,\u201d (\u201cTum\u00e1\u0161, mil\u00e1\u010dku\u201d), \u0159\u00edk\u00e1 \u010d\u00ed\u0161n\u00edk soucitn\u011b, a pod\u00e1v\u00e1 mi p\u0159es st\u016fl \u0161\u00e1lek siln\u00e9 \u010dern\u00e9 k\u00e1vy, jakoby p\u0159esn\u011b v\u011bd\u011bl, jak moc ji pot\u0159ebuji. A to u\u017e jsem se u ob\u011bda trochu uklidnila d\u017eb\u00e1nkem \u010derven\u00e9ho v\u00edna Marqu\u00e9s de C\u00e1ceres pot\u00e9, co se mi teprve po p\u016flhodinov\u00e9 bou\u0159liv\u00e9 diskusi poda\u0159ilo prosadit klasick\u00e9 t\u0159\u00edchodov\u00e9 \u0161pan\u011blsk\u00e9 menu nam\u00edsto p\u016fvodn\u011b po\u017eadovan\u00e9ho hamburgeru v Mek\u00e1\u010di. Madrid nen\u00ed zrovna m\u011bsto \u0161it\u00e9 na m\u00edru d\u011btem, a na p\u0159ehl\u00eddku obraz\u016f \u0161pan\u011blsk\u00fdch mistr\u016f v Pradu va\u0161e ratolesti pravd\u011bpodobn\u011b nenal\u00e1k\u00e1te. Pokud chcete vyrazit do Madridu se sv\u00fdmi potomky, nab\u00edz\u00edm p\u00e1r tip\u016f na m\u00edsta, kter\u00e1 s nimi m\u016f\u017eete nav\u0161t\u00edvit &#8211; tak, aby se d\u011bti p\u0159im\u011b\u0159en\u011b zabavily, a dosp\u011bl\u00ed z\u00e1rove\u0148 nebyli otr\u00e1ven\u00ed k smrti. Prvn\u00ed podstatn\u00e1 rada zn\u00ed, po\u0159i\u010fte v nejbli\u017e\u0161\u00ed stanici metra kartu na MHD a nabijte ji kreditem (karta je p\u0159enosn\u00e1, m\u016f\u017eete tedy pou\u017e\u00edt klidn\u011b jen jednu). Madrid je rozlehl\u00fd, tak\u017ee k p\u011b\u0161\u00edmu p\u0159esunu z bodu A do bodu B se rad\u011bji neuchylujte, nechcete-li riskovat otr\u00e1ven\u00e9 f\u0148uk\u00e1n\u00ed. Hotovo? V\u00fdborn\u011b, m\u016f\u017eete vyrazit!<\/p>\n\n\n\n<p class=\"has-medium-font-size\"><strong>Proj\u00ed\u017e\u010fka na lodi\u010dk\u00e1ch v Retiru<\/strong><\/p>\n\n\n\n<p>Nejvd\u011b\u010dn\u011bj\u0161\u00ed atrakce v\u016fbec, zvl\u00e1\u0161\u0165, kdy\u017e vezmete v \u00favahu, \u017ee \u0161pan\u011blsk\u00e9 po\u010das\u00ed dovol\u00ed tuhle mo\u017enost vyu\u017e\u00edt i v pr\u016fb\u011bhu zimy. N\u00e1dr\u017e zvan\u00e1 jednodu\u0161e El Estanque (Rybn\u00ed\u010dek) je pom\u011brn\u011b velk\u00e1, tak\u017ee si u\u017eijete veslov\u00e1n\u00ed, obhl\u00ed\u017een\u00ed soch v jeho zadn\u00ed \u010d\u00e1sti, z\u00e1vody s ostatn\u00edmi pos\u00e1dkami a pla\u0161en\u00ed rack\u016f, kte\u0159\u00ed sedaj\u00ed na vodn\u00ed hladinu ve velk\u00fdch hejnech. P\u016fj\u010dovnu lodi\u010dek najdete u lev\u00e9 bo\u010dn\u00ed hrany rybn\u00ed\u010dku, cena je 6 euro za 45 minut (do lo\u010fky se vejdou \u010dty\u0159i osoby).<\/p>\n\n\n\n<figure class=\"wp-block-image\"><img loading=\"lazy\" width=\"1024\" height=\"768\" src=\"https:\/\/spanelskodokapsy.cz\/wp-content\/uploads\/2020\/01\/IMG_2091-1024x768.jpg\" alt=\"\" class=\"wp-image-1370\" srcset=\"https:\/\/spanelskodokapsy.cz\/wp-content\/uploads\/2020\/01\/IMG_2091-1024x768.jpg 1024w, https:\/\/spanelskodokapsy.cz\/wp-content\/uploads\/2020\/01\/IMG_2091-300x225.jpg 300w, https:\/\/spanelskodokapsy.cz\/wp-content\/uploads\/2020\/01\/IMG_2091-768x576.jpg 768w\" sizes=\"(max-width: 767px) 89vw, (max-width: 1000px) 54vw, (max-width: 1071px) 543px, 580px\" \/><figcaption>El Estanque v Retiru<\/figcaption><\/figure>\n\n\n\n<p>Kolem n\u00e1dr\u017ee stoj\u00ed velk\u00e9 mno\u017estv\u00ed st\u00e1nk\u016f, ve kter\u00fdch m\u016f\u017eete koupit zmrzlinu, popcorn nebo n\u011bjakou tu sladkost. Ur\u010dit\u011b nezapome\u0148te vz\u00edt s sebou pytl\u00edk sem\u00ednek pro pt\u00e1ky. Vrabci v Retiru jsou zvykl\u00ed na krmen\u00ed, a pokud se posad\u00edte na jednu z lavi\u010dek a nat\u00e1hnete p\u0159ed sebe dla\u0148 plnou sem\u00ednek, za chv\u00edli jich p\u0159ilet\u00ed cel\u00e1 banda a budou v\u00e1m zobat z ruky. N\u00e1sledn\u00e1 proch\u00e1zka parkem je pak u\u017e jen p\u0159\u00edjemn\u00fdm bonusem &#8211; nezapome\u0148te se stavit u rybn\u00ed\u010dku, kter\u00fd se nach\u00e1z\u00ed p\u0159ed sklen\u011bn\u00fdm Palacio de Cristal, je pln\u00fd kachen a labut\u00ed, a na d\u0159ev\u011bn\u00fdch prk\u00fdnk\u00e1ch op\u0159en\u00fdch o jeho b\u0159ehy se vyh\u0159\u00edvaj\u00ed vodn\u00ed \u017eelvi\u010dky.<\/p>\n\n\n\n<figure class=\"wp-block-image\"><img loading=\"lazy\" width=\"1024\" height=\"768\" src=\"https:\/\/spanelskodokapsy.cz\/wp-content\/uploads\/2020\/01\/IMG_0894-1024x768.jpg\" alt=\"\" class=\"wp-image-1369\" srcset=\"https:\/\/spanelskodokapsy.cz\/wp-content\/uploads\/2020\/01\/IMG_0894-1024x768.jpg 1024w, https:\/\/spanelskodokapsy.cz\/wp-content\/uploads\/2020\/01\/IMG_0894-300x225.jpg 300w, https:\/\/spanelskodokapsy.cz\/wp-content\/uploads\/2020\/01\/IMG_0894-768x576.jpg 768w\" sizes=\"(max-width: 767px) 89vw, (max-width: 1000px) 54vw, (max-width: 1071px) 543px, 580px\" \/><figcaption>N\u00e1dr\u017eka u Palacio de Cristal<\/figcaption><\/figure>\n\n\n\n<p>Metro: L2, stanice Retiro. Pokud se p\u0159i v\u00fdstupu budete dr\u017eet cedul\u00ed s n\u00e1pisem Parque del Retiro, vyjdete z metra p\u0159\u00edmo v parku nedaleko rybn\u00ed\u010dku.<\/p>\n\n\n\n<p>Hodnocen\u00ed d\u00edt\u011bte: 100 %<\/p>\n\n\n\n<figure class=\"wp-block-image\"><img loading=\"lazy\" width=\"1024\" height=\"768\" src=\"https:\/\/spanelskodokapsy.cz\/wp-content\/uploads\/2020\/01\/IMG_1234-1024x768.jpg\" alt=\"\" class=\"wp-image-1371\" srcset=\"https:\/\/spanelskodokapsy.cz\/wp-content\/uploads\/2020\/01\/IMG_1234-1024x768.jpg 1024w, https:\/\/spanelskodokapsy.cz\/wp-content\/uploads\/2020\/01\/IMG_1234-300x225.jpg 300w, https:\/\/spanelskodokapsy.cz\/wp-content\/uploads\/2020\/01\/IMG_1234-768x576.jpg 768w\" sizes=\"(max-width: 767px) 89vw, (max-width: 1000px) 54vw, (max-width: 1071px) 543px, 580px\" \/><figcaption>Na hladin\u011b<\/figcaption><\/figure>\n\n\n\n<p class=\"has-medium-font-size\"><strong>B\u00fd\u010d\u00ed ar\u00e9na Las Ventas<\/strong><\/p>\n\n\n\n<p>Madridsk\u00e1 plaza de toros byla postavena v roce 1929 v neomud\u00e9jarsk\u00e9m stylu (tj. inspirov\u00e1na muslimskou architekturou), z \u010derven\u00fdch cihel a ozdoben\u00e1 pestr\u00fdmi keramick\u00fdmi kachl\u00edky a erby jednotliv\u00fdch \u0161pan\u011blsk\u00fdch provinci\u00ed. Je to impozantn\u00ed kousek &#8211; jedn\u00e1 se o nejv\u011bt\u0161\u00ed b\u00fd\u010d\u00ed ar\u00e9nu ve \u0160pan\u011blsku. S kapacitou 24 000 osob je t\u0159et\u00ed nejv\u011bt\u0161\u00ed na sv\u011bt\u011b, hned za Monumental v Mexiku a ar\u00e9nou ve m\u011bst\u011b Valencia ve Venezuele. Kritiky a fanou\u0161ky b\u00fd\u010d\u00edch z\u00e1pas\u016f je pak pova\u017eov\u00e1na za nejd\u016fle\u017eit\u011bj\u0161\u00ed plaza de toros na sv\u011bt\u011b. Vlastn\u00ed p\u00edskem vysypan\u00e1 ar\u00e9na (\u0161pan\u011blsky naz\u00fdvan\u00e1 &#8222;ruedo&#8220;) pak v pr\u016fm\u011bru m\u011b\u0159\u00ed \u00factyhodn\u00fdch 61 metr\u016f.<\/p>\n\n\n\n<figure class=\"wp-block-image\"><img loading=\"lazy\" width=\"1024\" height=\"695\" src=\"https:\/\/spanelskodokapsy.cz\/wp-content\/uploads\/2020\/01\/IMG_0578-1024x695.jpg\" alt=\"\" class=\"wp-image-1380\" srcset=\"https:\/\/spanelskodokapsy.cz\/wp-content\/uploads\/2020\/01\/IMG_0578-1024x695.jpg 1024w, https:\/\/spanelskodokapsy.cz\/wp-content\/uploads\/2020\/01\/IMG_0578-300x203.jpg 300w, https:\/\/spanelskodokapsy.cz\/wp-content\/uploads\/2020\/01\/IMG_0578-768x521.jpg 768w\" sizes=\"(max-width: 767px) 89vw, (max-width: 1000px) 54vw, (max-width: 1071px) 543px, 580px\" \/><figcaption>Madridsk\u00e1 ar\u00e9na Las Ventas (foceno jako panorama, je opravdu velk\u00e1)<\/figcaption><\/figure>\n\n\n\n<ul class=\"wp-block-gallery columns-2 is-cropped\"><li class=\"blocks-gallery-item\"><figure><img loading=\"lazy\" width=\"768\" height=\"1024\" src=\"https:\/\/spanelskodokapsy.cz\/wp-content\/uploads\/2020\/01\/IMG_7675-768x1024.jpg\" alt=\"\" data-id=\"1373\" data-link=\"https:\/\/spanelskodokapsy.cz\/?attachment_id=1373\" class=\"wp-image-1373\" srcset=\"https:\/\/spanelskodokapsy.cz\/wp-content\/uploads\/2020\/01\/IMG_7675-768x1024.jpg 768w, https:\/\/spanelskodokapsy.cz\/wp-content\/uploads\/2020\/01\/IMG_7675-225x300.jpg 225w\" sizes=\"(max-width: 767px) 89vw, (max-width: 1000px) 54vw, (max-width: 1071px) 543px, 580px\" \/><figcaption>Puerta Grande &#8211; hlavn\u00ed vchod<\/figcaption><\/figure><\/li><li class=\"blocks-gallery-item\"><figure><img loading=\"lazy\" width=\"768\" height=\"1024\" src=\"https:\/\/spanelskodokapsy.cz\/wp-content\/uploads\/2020\/01\/IMG_9362-768x1024.jpg\" alt=\"\" data-id=\"1379\" data-link=\"https:\/\/spanelskodokapsy.cz\/?attachment_id=1379\" class=\"wp-image-1379\" srcset=\"https:\/\/spanelskodokapsy.cz\/wp-content\/uploads\/2020\/01\/IMG_9362-768x1024.jpg 768w, https:\/\/spanelskodokapsy.cz\/wp-content\/uploads\/2020\/01\/IMG_9362-225x300.jpg 225w\" sizes=\"(max-width: 767px) 89vw, (max-width: 1000px) 54vw, (max-width: 1071px) 543px, 580px\" \/><figcaption>Detail architektury<\/figcaption><\/figure><\/li><\/ul>\n\n\n\n<p>K l\u00edstku dostanete pl\u00e1nek s vyzna\u010denou trasou a pokud chcete, tak\u00e9 audiopr\u016fvodce. Prohl\u00e9dnete si terasy a chodby ar\u00e9ny s vystaven\u00fdmi vycpan\u00fdmi b\u00fdky, hledi\u0161t\u011b, a sejdete dol\u016f do uli\u010dky, kter\u00e1 odd\u011bluje div\u00e1ky od p\u00edse\u010dn\u00e9 ar\u00e9ny. \u0160pan\u011blsky se naz\u00fdv\u00e1 &#8222;callej\u00f3n&#8220;, je 2,2 metru \u0161irok\u00e1 a bedn\u011bn\u00ed (&#8222;barrera&#8220;), kter\u00e9 odd\u011bluje b\u00fdky, je 1,6 metru vysok\u00e9. St\u00e1v\u00e1 se, \u017ee vztekl\u00fd b\u00fdk bari\u00e9ru p\u0159esko\u010d\u00ed, a p\u00e1mbu pak pom\u00e1hej tomu, kdo se zrovna nach\u00e1z\u00ed v uli\u010dce. Tady ve Ventas st\u00e1la podobn\u00e1 ud\u00e1lost v roce 1957 \u017eivot jednoho z ze zam\u011bstnanc\u016f ar\u00e9ny, m\u00edstn\u00edho truhl\u00e1\u0159e.<\/p>\n\n\n\n<figure class=\"wp-block-image\"><img loading=\"lazy\" width=\"768\" height=\"1024\" src=\"https:\/\/spanelskodokapsy.cz\/wp-content\/uploads\/2020\/01\/IMG_3795-768x1024.jpg\" alt=\"\" class=\"wp-image-1377\" srcset=\"https:\/\/spanelskodokapsy.cz\/wp-content\/uploads\/2020\/01\/IMG_3795-768x1024.jpg 768w, https:\/\/spanelskodokapsy.cz\/wp-content\/uploads\/2020\/01\/IMG_3795-225x300.jpg 225w\" sizes=\"(max-width: 767px) 89vw, (max-width: 1000px) 54vw, (max-width: 1071px) 543px, 580px\" \/><figcaption>Ventas, hledi\u0161t\u011b<\/figcaption><\/figure>\n\n\n\n<figure class=\"wp-block-image\"><img loading=\"lazy\" width=\"768\" height=\"1024\" src=\"https:\/\/spanelskodokapsy.cz\/wp-content\/uploads\/2020\/01\/IMG_5308-768x1024.jpg\" alt=\"\" class=\"wp-image-1376\" srcset=\"https:\/\/spanelskodokapsy.cz\/wp-content\/uploads\/2020\/01\/IMG_5308-768x1024.jpg 768w, https:\/\/spanelskodokapsy.cz\/wp-content\/uploads\/2020\/01\/IMG_5308-225x300.jpg 225w\" sizes=\"(max-width: 767px) 89vw, (max-width: 1000px) 54vw, (max-width: 1071px) 543px, 580px\" \/><figcaption>Callej\u00f3n ve Ventas, vzadu v horn\u00ed \u010d\u00e1sti hledi\u0161t\u011b prezidentsk\u00e1 l\u00f3\u017ee<\/figcaption><\/figure>\n\n\n\n<p>P\u0159i na\u0161\u00ed leto\u0161n\u00ed n\u00e1v\u0161t\u011bv\u011b bylo nov\u011b zp\u0159\u00edstupn\u011bn\u00e9 i z\u00e1zem\u00ed pro b\u00fdky, tedy prostory, odkud  se zv\u00ed\u0159ata (tedy nikoli osobn\u011b, ale za pou\u017eit\u00ed soustavy provaz\u016f) p\u0159i corrid\u011b vypou\u0161t\u00ed do ar\u00e9ny. Mo\u017en\u00e1 uvid\u00edte i traka\u0159 s maketou b\u00fdka, pou\u017e\u00edvan\u00fd p\u0159i tr\u00e9ninku toreador\u016f, a v jedn\u00e9 z kamenn\u00fdch m\u00edstnost\u00ed je um\u00edst\u011bna virtu\u00e1ln\u00ed realita &#8211; ve h\u0159e si m\u016f\u017eete vyzkou\u0161et, jak\u00e9 to je v k\u016f\u017ei toreadora. Z\u00e1zem\u00ed pro b\u00fdky m\u016f\u017eete vid\u011bt mimo sez\u00f3nu b\u00fd\u010d\u00edch z\u00e1pas\u016f, tedy od listopadu do b\u0159ezna.<\/p>\n\n\n\n<figure class=\"wp-block-image\"><img loading=\"lazy\" width=\"768\" height=\"1024\" src=\"https:\/\/spanelskodokapsy.cz\/wp-content\/uploads\/2020\/01\/IMG_4232-768x1024.jpg\" alt=\"\" class=\"wp-image-1374\" srcset=\"https:\/\/spanelskodokapsy.cz\/wp-content\/uploads\/2020\/01\/IMG_4232-768x1024.jpg 768w, https:\/\/spanelskodokapsy.cz\/wp-content\/uploads\/2020\/01\/IMG_4232-225x300.jpg 225w\" sizes=\"(max-width: 767px) 89vw, (max-width: 1000px) 54vw, (max-width: 1071px) 543px, 580px\" \/><figcaption>Ventas, z\u00e1zem\u00ed pro b\u00fdky<\/figcaption><\/figure>\n\n\n\n<p>V prostor\u00e1ch ar\u00e9ny se nach\u00e1z\u00ed i opera\u010dn\u00ed s\u00e1ly, ale p\u0159\u00edstup na n\u011b nen\u00ed z hygienick\u00fdch d\u016fvod\u016f mo\u017en\u00fd. A tak na v\u00e1s na \u00fapln\u00fd z\u00e1v\u011br prohl\u00eddky \u010dek\u00e1 u\u017e jen toreadorsk\u00e1 kaple a posl\u00e9ze muzeum, kde najdete vystaven\u00e9 r\u016fzn\u00e9 artefakty, kter\u00e9 n\u011bjak souvis\u00ed s b\u00fd\u010d\u00edmi z\u00e1pasy &#8211; nej\u010dast\u011bji obrazy a plak\u00e1ty s ozn\u00e1men\u00edm term\u00edn\u016f corridy, toreadorsk\u00e9 pl\u00e1\u0161t\u00edky a me\u010de, a tak\u00e9 slavnostn\u00ed obleky toreador\u016f, nez\u0159\u00eddka ze dne, kdy ne\u0161\u0165astn\u00edci p\u0159i\u0161li p\u0159i z\u00e1pase s b\u00fdkem o \u017eivot. Ouj\u00e9.<\/p>\n\n\n\n<p>Na konec mi dovolte mal\u00e9 varov\u00e1n\u00ed: Las Ventas je nestydat\u00e1 turistick\u00e1 past. Jen vstup stoj\u00ed pro dosp\u011bl\u00e9 21 euro (pro d\u011bti polovic) a p\u0159ipravte se tak\u00e9 na to, \u017ee uvnit\u0159 mil\u00e1\u010dkov\u00e9 vypros\u00ed fotku se svoj\u00ed mali\u010dkost\u00ed nastylizovanou jako toreador p\u0159i z\u00e1pase (kus za 10 euro). Va\u0161e potomky bude ale prohl\u00eddka ar\u00e9ny s nejv\u011bt\u0161\u00ed pravd\u011bpodobnost\u00ed up\u0159\u00edmn\u011b fascinovat.<\/p>\n\n\n\n<p>Metro: L2 a L5, stanice Ventas<\/p>\n\n\n\n<p>Hodnocen\u00ed d\u00edt\u011bte: 80 %<\/p>\n\n\n\n<p class=\"has-medium-font-size\"><strong>And\u00e9n 0 &#8211; stanice duch\u016f Chamber\u00ed<\/strong><\/p>\n\n\n\n<p>Madridsk\u00e9 metro m\u00e1 dnes 14 linek a jeho s\u00ed\u0165 je t\u0159et\u00ed nejrozs\u00e1hlej\u0161\u00ed na sv\u011bt\u011b. Za\u010d\u00e1tky metra v Madridu se datuj\u00ed do roku 1919, kdy byl slavnostn\u011b otev\u0159en prvn\u00ed \u00fasek trasy L1, od n\u00e1m\u011bst\u00ed Puerta del Sol a\u017e po Cuatro Caminos. Jednou ze stanic, kter\u00e9 se na tomto 3,5 km dlouh\u00e9m \u00faseku nach\u00e1zely, byla Chamber\u00ed (\u010dte se &#8222;\u010damber\u00ed&#8220;), stanice obsluhuj\u00edc\u00ed dopravu ve stejnojmenn\u00e9 \u010dtvrti. Madridsk\u00e9 metro se rychle rozr\u016fstalo, p\u0159ibyla trasa L2, pak L3 a pak dal\u0161\u00ed a dal\u0161\u00ed. V roce 1966 byla p\u016fvodn\u00ed n\u00e1stupi\u0161t\u011b trasy L1 z d\u016fvodu nav\u00fd\u0161en\u00ed p\u0159epravn\u00edch kapacit prodlou\u017eena ze 60 na 90 metr\u016f. Prodlou\u017een\u00ed ale v p\u0159\u00edpad\u011b Chamber\u00ed nebylo mo\u017en\u00e9 uskute\u010dnit &#8211; stanice je v zat\u00e1\u010dce, nep\u0159\u00edli\u0161 hluboko pod povrchem, a nav\u00edc se po realizaci v\u00fd\u0161e zm\u00edn\u011bn\u00fdch \u00faprav ve zbytku trasy nach\u00e1zela jen 230 metr\u016f od nejbli\u017e\u0161\u00ed stanice Iglesia. V kv\u011btnu t\u00e9ho\u017e roku byla Chamber\u00ed pro cestuj\u00edc\u00ed nast\u00e1lo uzav\u0159ena.<\/p>\n\n\n\n<figure class=\"wp-block-image\"><img loading=\"lazy\" width=\"1024\" height=\"768\" src=\"https:\/\/spanelskodokapsy.cz\/wp-content\/uploads\/2020\/01\/IMG_6314-1024x768.jpg\" alt=\"\" class=\"wp-image-1384\" srcset=\"https:\/\/spanelskodokapsy.cz\/wp-content\/uploads\/2020\/01\/IMG_6314-1024x768.jpg 1024w, https:\/\/spanelskodokapsy.cz\/wp-content\/uploads\/2020\/01\/IMG_6314-300x225.jpg 300w, https:\/\/spanelskodokapsy.cz\/wp-content\/uploads\/2020\/01\/IMG_6314-768x576.jpg 768w\" sizes=\"(max-width: 767px) 89vw, (max-width: 1000px) 54vw, (max-width: 1071px) 543px, 580px\" \/><figcaption>Chamber\u00ed dnes. Stanic\u00ed d\u00e1l proj\u00ed\u017ed\u00ed metro, ale te\u010f u\u017e jej od n\u00e1stupi\u0161t\u011b odd\u011bluje plexisklo<\/figcaption><\/figure>\n\n\n\n<ul class=\"wp-block-gallery columns-2 is-cropped\"><li class=\"blocks-gallery-item\"><figure><img loading=\"lazy\" width=\"768\" height=\"1024\" src=\"https:\/\/spanelskodokapsy.cz\/wp-content\/uploads\/2020\/01\/IMG_0727-768x1024.jpg\" alt=\"\" data-id=\"1385\" data-link=\"https:\/\/spanelskodokapsy.cz\/?attachment_id=1385\" class=\"wp-image-1385\" srcset=\"https:\/\/spanelskodokapsy.cz\/wp-content\/uploads\/2020\/01\/IMG_0727-768x1024.jpg 768w, https:\/\/spanelskodokapsy.cz\/wp-content\/uploads\/2020\/01\/IMG_0727-225x300.jpg 225w\" sizes=\"(max-width: 767px) 89vw, (max-width: 1000px) 54vw, (max-width: 1071px) 543px, 580px\" \/><figcaption>Kachl\u00edkov\u00e9 reklamy&#8230;<\/figcaption><\/figure><\/li><li class=\"blocks-gallery-item\"><figure><img loading=\"lazy\" width=\"768\" height=\"1024\" src=\"https:\/\/spanelskodokapsy.cz\/wp-content\/uploads\/2020\/01\/IMG_0723-768x1024.jpg\" alt=\"\" data-id=\"1386\" data-link=\"https:\/\/spanelskodokapsy.cz\/?attachment_id=1386\" class=\"wp-image-1386\" srcset=\"https:\/\/spanelskodokapsy.cz\/wp-content\/uploads\/2020\/01\/IMG_0723-768x1024.jpg 768w, https:\/\/spanelskodokapsy.cz\/wp-content\/uploads\/2020\/01\/IMG_0723-225x300.jpg 225w\" sizes=\"(max-width: 767px) 89vw, (max-width: 1000px) 54vw, (max-width: 1071px) 543px, 580px\" \/><figcaption>&#8230; z dvac\u00e1t\u00fdch let 20. stolet\u00ed<\/figcaption><\/figure><\/li><\/ul>\n\n\n\n<figure class=\"wp-block-image\"><img loading=\"lazy\" width=\"1024\" height=\"768\" src=\"https:\/\/spanelskodokapsy.cz\/wp-content\/uploads\/2020\/01\/IMG_4571-1024x768.jpg\" alt=\"\" class=\"wp-image-1388\" srcset=\"https:\/\/spanelskodokapsy.cz\/wp-content\/uploads\/2020\/01\/IMG_4571-1024x768.jpg 1024w, https:\/\/spanelskodokapsy.cz\/wp-content\/uploads\/2020\/01\/IMG_4571-300x225.jpg 300w, https:\/\/spanelskodokapsy.cz\/wp-content\/uploads\/2020\/01\/IMG_4571-768x576.jpg 768w\" sizes=\"(max-width: 767px) 89vw, (max-width: 1000px) 54vw, (max-width: 1071px) 543px, 580px\" \/><figcaption>Trasa metra namalovan\u00e1 p\u0159\u00edmo na zdi. Kdy\u017e se trasa prodlou\u017eila, jednodu\u0161e se p\u0159imalovaly nov\u00e9 stanice<\/figcaption><\/figure>\n\n\n\n<p>B\u011bhem n\u00e1sleduj\u00edc\u00edch \u010dty\u0159iceti let si na Chamber\u00ed m\u00e1lokdo vzpomn\u011bl. Vstupy z ulice byly zaslepeny a kachl\u00edkov\u00e9 reklamy na n\u00e1stupi\u0161ti z dvac\u00e1t\u00fdch let ztr\u00e1cely barvy. Jedinou p\u0159ipom\u00ednkou Chamber\u00ed bylo sn\u00ed\u017een\u00ed rychlosti vlak\u016f p\u0159i pr\u016fjezdu mezi stanicemi Bilbao a Iglesia. B\u011bhem osmdes\u00e1t\u00fdch let &#8222;objevili&#8220; Chamber\u00ed vandalov\u00e9, narkoman\u00e9 a bezdomovci, a p\u0159i pohledu na improvizovan\u00e1 ohni\u0161t\u011b na n\u00e1stupi\u0161t\u00edch a m\u00e1to\u017en\u00e9 postavy kolem nich nejednomu cestuj\u00edc\u00edmu v proj\u00ed\u017ed\u011bj\u00edc\u00ed souprav\u011b metra zatrnulo. N\u011bkdy v t\u00e9 dob\u011b se Chamber\u00ed za\u010dalo p\u0159ezd\u00edvat &#8222;estaci\u00f3n fantasma&#8220; &#8211; stanice duch\u016f.<\/p>\n\n\n\n<p>Pokud v\u00e1s zaj\u00edm\u00e1, jak tehdy Chamber\u00ed vypadala, v\u011brn\u011b to zobrazuj\u00ed nesmrteln\u00e9 z\u00e1b\u011bry ve \u0161pan\u011blsk\u00e9m filmu Barrio. T\u0159\u00edminutov\u00e9 video zachycuj\u00edc\u00ed obydlenou stanici najdete na YouTube pod t\u00edmto <a href=\"https:\/\/www.youtube.com\/watch?v=5z_yUepU-yQ\">odkazem<\/a>.<\/p>\n\n\n\n<figure class=\"wp-block-image\"><img loading=\"lazy\" width=\"768\" height=\"1024\" src=\"https:\/\/spanelskodokapsy.cz\/wp-content\/uploads\/2020\/01\/IMG_9290-768x1024.jpg\" alt=\"\" class=\"wp-image-1397\" srcset=\"https:\/\/spanelskodokapsy.cz\/wp-content\/uploads\/2020\/01\/IMG_9290-768x1024.jpg 768w, https:\/\/spanelskodokapsy.cz\/wp-content\/uploads\/2020\/01\/IMG_9290-225x300.jpg 225w\" sizes=\"(max-width: 767px) 89vw, (max-width: 1000px) 54vw, (max-width: 1071px) 543px, 580px\" \/><figcaption>Vchod do Chamber\u00ed dnes<\/figcaption><\/figure>\n\n\n\n<p>V roce 2006 byly v prostor\u00e1ch Chamber\u00ed zah\u00e1jeny restaura\u010dn\u00ed pr\u00e1ce a v roce 2008 byla stanice zp\u0159\u00edstupn\u011bna ve\u0159ejnosti jako muzeum pod n\u00e1zvem <strong>And\u00e9n 0<\/strong> (N\u00e1stupi\u0161t\u011b nula). Dokonale zachovanou a pe\u010dliv\u011b zrestaurovanou \u010dasovou konzervu m\u016f\u017eete nav\u0161t\u00edvit zdarma, muzeum je otev\u0159en\u00e9 od \u010dtvrtka do ned\u011ble. Prvn\u00ed d\u0159ev\u011bn\u00e9 dve\u0159e vlevo hned za vstupem do stanice vedou do improvizovan\u00e9ho kinos\u00e1lku. Sed\u00ed se p\u0159\u00edmo na schodech, nebo\u0165 se nach\u00e1z\u00edte v prostor\u00e1ch p\u016fvodn\u00edho vstupu do Chamber\u00ed. Na obrazovce b\u011b\u017e\u00ed video o historii madridsk\u00e9ho metra a v ka\u017edou celou hodinu na tomto m\u00edst\u011b za\u010d\u00edn\u00e1 v\u00fdborn\u00e1 komentovan\u00e1 prohl\u00eddka (v d\u00e9lce 45 minut, pouze ve \u0161pan\u011bl\u0161tin\u011b). Pokud nevl\u00e1dnete \u0161pan\u011bl\u0161tinou, nevad\u00ed &#8211; v\u0161e podstatn\u00e9 najdete v tomto \u010dl\u00e1nku \ud83d\ude42<\/p>\n\n\n\n<figure class=\"wp-block-image\"><img loading=\"lazy\" width=\"768\" height=\"1024\" src=\"https:\/\/spanelskodokapsy.cz\/wp-content\/uploads\/2020\/01\/IMG_4033-768x1024.jpg\" alt=\"\" class=\"wp-image-1391\" srcset=\"https:\/\/spanelskodokapsy.cz\/wp-content\/uploads\/2020\/01\/IMG_4033-768x1024.jpg 768w, https:\/\/spanelskodokapsy.cz\/wp-content\/uploads\/2020\/01\/IMG_4033-225x300.jpg 225w\" sizes=\"(max-width: 767px) 89vw, (max-width: 1000px) 54vw, (max-width: 1071px) 543px, 580px\" \/><figcaption>Tudy se p\u016fvodn\u011b do stanice vch\u00e1zelo<\/figcaption><\/figure>\n\n\n\n<ul class=\"wp-block-gallery columns-2 is-cropped\"><li class=\"blocks-gallery-item\"><figure><img loading=\"lazy\" width=\"768\" height=\"1024\" src=\"https:\/\/spanelskodokapsy.cz\/wp-content\/uploads\/2020\/01\/IMG_3489-768x1024.jpg\" alt=\"\" data-id=\"1392\" class=\"wp-image-1392\" srcset=\"https:\/\/spanelskodokapsy.cz\/wp-content\/uploads\/2020\/01\/IMG_3489-768x1024.jpg 768w, https:\/\/spanelskodokapsy.cz\/wp-content\/uploads\/2020\/01\/IMG_3489-225x300.jpg 225w\" sizes=\"(max-width: 767px) 89vw, (max-width: 1000px) 54vw, (max-width: 1071px) 543px, 580px\" \/><figcaption>Hlavn\u00ed vestibul<\/figcaption><\/figure><\/li><li class=\"blocks-gallery-item\"><figure><img loading=\"lazy\" width=\"768\" height=\"1024\" src=\"https:\/\/spanelskodokapsy.cz\/wp-content\/uploads\/2020\/01\/IMG_8919-768x1024.jpg\" alt=\"\" data-id=\"1393\" data-link=\"https:\/\/spanelskodokapsy.cz\/?attachment_id=1393\" class=\"wp-image-1393\" srcset=\"https:\/\/spanelskodokapsy.cz\/wp-content\/uploads\/2020\/01\/IMG_8919-768x1024.jpg 768w, https:\/\/spanelskodokapsy.cz\/wp-content\/uploads\/2020\/01\/IMG_8919-225x300.jpg 225w\" sizes=\"(max-width: 767px) 89vw, (max-width: 1000px) 54vw, (max-width: 1071px) 543px, 580px\" \/><figcaption>Chodby Chamber\u00ed<\/figcaption><\/figure><\/li><\/ul>\n\n\n\n<figure class=\"wp-block-image\"><img loading=\"lazy\" width=\"1024\" height=\"734\" src=\"https:\/\/spanelskodokapsy.cz\/wp-content\/uploads\/2020\/01\/IMG_0196-1024x734.jpg\" alt=\"\" class=\"wp-image-1383\" srcset=\"https:\/\/spanelskodokapsy.cz\/wp-content\/uploads\/2020\/01\/IMG_0196-1024x734.jpg 1024w, https:\/\/spanelskodokapsy.cz\/wp-content\/uploads\/2020\/01\/IMG_0196-300x215.jpg 300w, https:\/\/spanelskodokapsy.cz\/wp-content\/uploads\/2020\/01\/IMG_0196-768x551.jpg 768w\" sizes=\"(max-width: 767px) 89vw, (max-width: 1000px) 54vw, (max-width: 1071px) 543px, 580px\" \/><figcaption>Deska s n\u00e1zvem stanice um\u00edst\u011bn\u00e1 na st\u011bn\u00e1ch n\u00e1stupi\u0161t\u011b<\/figcaption><\/figure>\n\n\n\n<p>Za architektonick\u00fdm n\u00e1vrhem Chamber\u00ed stoj\u00ed slavn\u00fd \u0161pan\u011blsk\u00fd architekt Antonio Palacios (je nap\u0159\u00edklad autorem budov Palacio de Comunicaciones a C\u00edrculo de Bellas Artes v ulici Alcal\u00e1 v Madridu). V\u0161imn\u011bte si, \u017ee kachl\u00edky pou\u017eit\u00e9 na oblo\u017een\u00ed stanice jsou b\u00edl\u00e9, a or\u00e1mov\u00e1n\u00ed reklamn\u00edch ploch, vlastn\u00ed reklamy a logo stanice jsou naopak z ost\u0159e pestr\u00fdch barev. To proto, \u017ee ve dvac\u00e1t\u00fdch letech bylo elektrick\u00e9 osv\u011btlen\u00ed podzemn\u00edch stanic metra na dne\u0161n\u00ed pom\u011bry velmi slab\u00e9. B\u00edl\u00e1 a pestr\u00e9 barvy zkr\u00e1tka umo\u017e\u0148ovaly, aby bylo v\u016fbec n\u011bco vid\u011bt. V prostor\u00e1ch hlavn\u00edho vstupu &#8211; tam, kde najdete prodejn\u00ed ok\u00e9nko a kovov\u00e9 boudi\u010dky pro kontrolorky l\u00edstk\u016f &#8211; bylo p\u016fvodn\u011b ve strop\u011b um\u00edst\u011bno st\u0159e\u0161n\u00ed okno, kter\u00fdm do stanice dopadalo denn\u00ed sv\u011btlo. Jeho obrys je ve strop\u011b st\u00e1le patrn\u00fd, ale dnes u\u017e je zazd\u011bn\u00e9. Prodej l\u00edstk\u016f byl zpo\u010d\u00e1tku velkou v\u011bdou &#8211; platilo se podle toho, kdy, odkud a kam jste jeli. Krom\u011b toho na ka\u017ed\u00e9 stanici pr\u016fvod\u010d\u00ed kontrolovaly l\u00edstky p\u0159i vstupu do metra a tak\u00e9 p\u0159i v\u00fdstupu z n\u011bj, tak\u017ee se u turniket\u016f u v\u00fdchodu tvo\u0159ily dlouh\u00e9 fronty. P\u0159i v\u00fdstupu z metra z\u00e1mek turniketu povolil vahou cestuj\u00edc\u00edho (jakmile do\u0161l\u00e1pl na kovovou desku v podlaze), co\u017e p\u016fsobilo radost zejm\u00e9na d\u011btem, kter\u00e9 po nich s nad\u0161en\u00edm sk\u00e1kaly. Vestibul byl tedy m\u00edstem pon\u011bkud hlu\u010dn\u00fdm! Reklamy, kter\u00e9 dole na n\u00e1stupi\u0161t\u00edch uvid\u00edte, jsou v drtiv\u00e9 v\u011bt\u0161in\u011b na v\u00fdrobky, kter\u00e9 se st\u00e1le je\u0161t\u011b prod\u00e1vaj\u00ed, nebo alespo\u0148 doned\u00e1vna prod\u00e1valy. Balz\u00e1my na rty zna\u010dky Gal, kter\u00e9 propaguj\u00ed kulat\u00e1 loga na konc\u00edch n\u00e1stupi\u0161\u0165, najdete dodnes v odd\u011blen\u00ed drogerie v obchodn\u00edch domech El Corte Ingl\u00e9s.<\/p>\n\n\n\n<p>Metro: L1, stanice Bilbao nebo Iglesia (doporu\u010duji nejprve se projet metrem mezi t\u011bmito dv\u011bma stanicemi, abyste vid\u011bli Chamber\u00ed z vlaku).<\/p>\n\n\n\n<p>Hodnocen\u00ed d\u00edt\u011bte: 100 %<\/p>\n\n\n\n<figure class=\"wp-block-image\"><img loading=\"lazy\" width=\"1024\" height=\"768\" src=\"https:\/\/spanelskodokapsy.cz\/wp-content\/uploads\/2020\/01\/IMG_4007-1024x768.jpg\" alt=\"\" class=\"wp-image-1390\" srcset=\"https:\/\/spanelskodokapsy.cz\/wp-content\/uploads\/2020\/01\/IMG_4007-1024x768.jpg 1024w, https:\/\/spanelskodokapsy.cz\/wp-content\/uploads\/2020\/01\/IMG_4007-300x225.jpg 300w, https:\/\/spanelskodokapsy.cz\/wp-content\/uploads\/2020\/01\/IMG_4007-768x576.jpg 768w\" sizes=\"(max-width: 767px) 89vw, (max-width: 1000px) 54vw, (max-width: 1071px) 543px, 580px\" \/><figcaption>Vlak metra vj\u00ed\u017ed\u00ed do stanice Chamber\u00ed<\/figcaption><\/figure>\n\n\n\n<p class=\"has-medium-font-size\"><strong>Lanovkou na Casa de Campo<\/strong><\/p>\n\n\n\n<p>Posledn\u00edm tipem z dne\u0161n\u00edho \u010dl\u00e1nku je vyhl\u00eddkov\u00e1 j\u00edzda visutou lanovkou, kter\u00e1 p\u0159eklenuje \u00fadol\u00ed \u0159eky Manzanares. Vede ze \u010dtvrti Arg\u00fcelles v centru Madridu do Casa de Campo, nejv\u011bt\u0161\u00edho madridsk\u00e9ho parku s rozlohou t\u00e9m\u011br 2 000 hektar\u016f, a p\u0159ekon\u00e1v\u00e1  vzd\u00e1lenost dvou a p\u016fl kilometru. Cena za svezen\u00ed je na madridsk\u00e9 pom\u011bry lidov\u00e1 &#8211; dosp\u011bl\u00fd zp\u00e1te\u010dn\u00ed l\u00edstek stoj\u00ed 6 euro, d\u011btsk\u00fd je za 5 euro. Na stanici Casa de Campo m\u016f\u017eete, ale i nemus\u00edte j\u00edzdu p\u0159eru\u0161it.<\/p>\n\n\n\n<figure class=\"wp-block-image\"><img loading=\"lazy\" width=\"873\" height=\"1024\" src=\"https:\/\/spanelskodokapsy.cz\/wp-content\/uploads\/2020\/01\/IMG_0468-873x1024.jpg\" alt=\"\" class=\"wp-image-1395\" srcset=\"https:\/\/spanelskodokapsy.cz\/wp-content\/uploads\/2020\/01\/IMG_0468-873x1024.jpg 873w, https:\/\/spanelskodokapsy.cz\/wp-content\/uploads\/2020\/01\/IMG_0468-256x300.jpg 256w, https:\/\/spanelskodokapsy.cz\/wp-content\/uploads\/2020\/01\/IMG_0468-768x901.jpg 768w\" sizes=\"(max-width: 767px) 89vw, (max-width: 1000px) 54vw, (max-width: 1071px) 543px, 580px\" \/><figcaption>Lanovka je kabinkov\u00e1, tak\u017ee m\u016f\u017eete vyrazit, i kdy\u017e v\u00e1m po\u010das\u00ed nep\u0159eje. To byl n\u00e1\u0161 p\u0159\u00edpad<\/figcaption><\/figure>\n\n\n\n<p>Z lanovky m\u016f\u017eete obdivovat kr\u00e1sn\u00e9 v\u00fdhledy na Madrid, kde se postupn\u011b v pln\u00e9 kr\u00e1se objevuje katedr\u00e1la Almudena, kr\u00e1lovsk\u00fd pal\u00e1c Palacio Real, prvn\u00ed madridsk\u00e9 mrakodrapy z po\u010d\u00e1tku 20. stolet\u00ed v bl\u00edzkosti Plaza de Espa\u00f1a, televizn\u00ed v\u011b\u017e p\u0159ezd\u00edvan\u00e1 El Pirul\u00ed (L\u00edz\u00e1tko) nebo nebo vyhl\u00eddkov\u00e1 v\u011b\u017e s ufonsk\u00fdm vzhledem jm\u00e9nem Faro de Moncloa. <\/p>\n\n\n\n<figure class=\"wp-block-image\"><img loading=\"lazy\" width=\"1024\" height=\"768\" src=\"https:\/\/spanelskodokapsy.cz\/wp-content\/uploads\/2020\/01\/IMG_6062-1024x768.jpg\" alt=\"\" class=\"wp-image-1396\" srcset=\"https:\/\/spanelskodokapsy.cz\/wp-content\/uploads\/2020\/01\/IMG_6062-1024x768.jpg 1024w, https:\/\/spanelskodokapsy.cz\/wp-content\/uploads\/2020\/01\/IMG_6062-300x225.jpg 300w, https:\/\/spanelskodokapsy.cz\/wp-content\/uploads\/2020\/01\/IMG_6062-768x576.jpg 768w\" sizes=\"(max-width: 767px) 89vw, (max-width: 1000px) 54vw, (max-width: 1071px) 543px, 580px\" \/><figcaption>Telef\u00e9rico de Madrid<\/figcaption><\/figure>\n\n\n\n<p>Na druh\u00e9 stran\u011b v\u00fdhledu dominuje zelen\u00e1 masa Casa de Campo, protkan\u00e1 vych\u00e1zkov\u00fdmi cestami. Pokud v\u00e1m po\u010das\u00ed bude p\u0159\u00e1t, m\u016f\u017eete se tam dosytosti vyblbnout. Hned u horn\u00ed stanice lanovky je d\u011btsk\u00e9 h\u0159i\u0161t\u011b, odv\u00e1\u017en\u011bj\u0161\u00ed rodi\u010de mohou nav\u0161t\u00edvit z\u00e1bavn\u00ed park Parque de Atracciones (pozor, jeho p\u0159\u00edtomnost nezataj\u00edte, proto\u017ee gigantick\u00e9 horsk\u00e9 dr\u00e1hy jsou z lanovky vid\u011bt), p\u0159\u00edpadn\u011b madridskou ZOO, kter\u00e1 se na Casa de Campo tak\u00e9 nach\u00e1z\u00ed.<\/p>\n\n\n\n<p>Metro: L3, stanice Arg\u00fcelles. Pot\u00e9 cca 10 minut p\u011b\u0161ky k doln\u00ed stanici lanovky, do mapy zadejte jako c\u00edl &#8222;Telef\u00e9rico de Madrid&#8220;.<\/p>\n\n\n\n<p>Hodnocen\u00ed d\u00edt\u011bte: 70 %<\/p>\n\n\n\n<figure class=\"wp-block-image\"><img loading=\"lazy\" width=\"1024\" height=\"768\" src=\"https:\/\/spanelskodokapsy.cz\/wp-content\/uploads\/2020\/01\/IMG_6355-1024x768.jpg\" alt=\"\" class=\"wp-image-1394\" srcset=\"https:\/\/spanelskodokapsy.cz\/wp-content\/uploads\/2020\/01\/IMG_6355-1024x768.jpg 1024w, https:\/\/spanelskodokapsy.cz\/wp-content\/uploads\/2020\/01\/IMG_6355-300x225.jpg 300w, https:\/\/spanelskodokapsy.cz\/wp-content\/uploads\/2020\/01\/IMG_6355-768x576.jpg 768w\" sizes=\"(max-width: 767px) 89vw, (max-width: 1000px) 54vw, (max-width: 1071px) 543px, 580px\" \/><figcaption>Vyhl\u00eddka na Madrid z terasy stanice na Casa de Campo<\/figcaption><\/figure>\n","protected":false},"excerpt":{"rendered":"<p>\u201cToma, cari\u00f1o,\u201d (\u201cTum\u00e1\u0161, mil\u00e1\u010dku\u201d), \u0159\u00edk\u00e1 \u010d\u00ed\u0161n\u00edk soucitn\u011b, a pod\u00e1v\u00e1 mi p\u0159es st\u016fl \u0161\u00e1lek siln\u00e9 \u010dern\u00e9 k\u00e1vy, jakoby p\u0159esn\u011b v\u011bd\u011bl, jak moc ji pot\u0159ebuji. A to u\u017e jsem se u ob\u011bda trochu uklidnila d\u017eb\u00e1nkem \u010derven\u00e9ho v\u00edna Marqu\u00e9s de C\u00e1ceres pot\u00e9, co se mi teprve po p\u016flhodinov\u00e9 bou\u0159liv\u00e9 diskusi poda\u0159ilo prosadit klasick\u00e9 t\u0159\u00edchodov\u00e9 \u0161pan\u011blsk\u00e9 menu nam\u00edsto p\u016fvodn\u011b &hellip; <\/p>\n<p class=\"link-more\"><a href=\"https:\/\/spanelskodokapsy.cz\/index.php\/2020\/01\/25\/madrid-s-detmi\/\" class=\"more-link\">Pokra\u010dovat ve \u010dten\u00ed<span class=\"screen-reader-text\"> &#8222;Madrid s d\u011btmi&#8220;<\/span><\/a><\/p>\n","protected":false},"author":1,"featured_media":0,"comment_status":"open","ping_status":"open","sticky":false,"template":"","format":"standard","meta":[],"categories":[3],"tags":[120,115,119,24,118,121,116,117],"amp_enabled":true,"_links":{"self":[{"href":"https:\/\/spanelskodokapsy.cz\/index.php\/wp-json\/wp\/v2\/posts\/1368"}],"collection":[{"href":"https:\/\/spanelskodokapsy.cz\/index.php\/wp-json\/wp\/v2\/posts"}],"about":[{"href":"https:\/\/spanelskodokapsy.cz\/index.php\/wp-json\/wp\/v2\/types\/post"}],"author":[{"embeddable":true,"href":"https:\/\/spanelskodokapsy.cz\/index.php\/wp-json\/wp\/v2\/users\/1"}],"replies":[{"embeddable":true,"href":"https:\/\/spanelskodokapsy.cz\/index.php\/wp-json\/wp\/v2\/comments?post=1368"}],"version-history":[{"count":5,"href":"https:\/\/spanelskodokapsy.cz\/index.php\/wp-json\/wp\/v2\/posts\/1368\/revisions"}],"predecessor-version":[{"id":1399,"href":"https:\/\/spanelskodokapsy.cz\/index.php\/wp-json\/wp\/v2\/posts\/1368\/revisions\/1399"}],"wp:attachment":[{"href":"https:\/\/spanelskodokapsy.cz\/index.php\/wp-json\/wp\/v2\/media?parent=1368"}],"wp:term":[{"taxonomy":"category","embeddable":true,"href":"https:\/\/spanelskodokapsy.cz\/index.php\/wp-json\/wp\/v2\/categories?post=1368"},{"taxonomy":"post_tag","embeddable":true,"href":"https:\/\/spanelskodokapsy.cz\/index.php\/wp-json\/wp\/v2\/tags?post=1368"}],"curies":[{"name":"wp","href":"https:\/\/api.w.org\/{rel}","templated":true}]}}