{"id":1022,"date":"2019-08-28T18:00:08","date_gmt":"2019-08-28T16:00:08","guid":{"rendered":"https:\/\/spanelskodokapsy.cz\/?p=1022"},"modified":"2019-08-27T20:22:20","modified_gmt":"2019-08-27T18:22:20","slug":"treti-barcelonsky-denik-2-2","status":"publish","type":"post","link":"https:\/\/spanelskodokapsy.cz\/index.php\/2019\/08\/28\/treti-barcelonsky-denik-2-2\/","title":{"rendered":"T\u0159et\u00ed barcelonsk\u00fd den\u00edk &#8211; 2\/2"},"content":{"rendered":"\n<p><em>(ned\u011ble 25. 8. 2019)<\/em><\/p>\n\n\n\n<p>Je teprve kolem dev\u00e1t\u00e9 r\u00e1no, ale venku u\u017e je 24 stup\u0148\u016f a slunce p\u00e1l\u00ed. Co teprve chodby uvnit\u0159 metra, to je ta prav\u00e1 tlama pekeln\u00e1, ve \u0160pan\u011blsku jsou rozp\u00e1len\u00e9 i na za\u010d\u00e1tku podzimu. Ne\u017e p\u0159ijede klimatizovan\u00fd vlak metra, m\u00e1lem se na n\u00e1stupi\u0161ti rozpust\u00edm. \u010c\u00e1sti n\u011bkter\u00fdch linek jsou a\u017e do konce srpna mimo provoz, a tak mi cesta trv\u00e1 o n\u011bco d\u00e9le, ale nakonec se p\u0159ece dostanu do horn\u00ed \u010d\u00e1sti Passeig de Gr\u00e0cia. Kdo \u010detl prvn\u00ed den\u00edk z Barcelony <a href=\"https:\/\/spanelskodokapsy.cz\/index.php\/2019\/03\/15\/barcelonsky-denik\/\">zde<\/a>, ten v\u00ed, \u017ee barcelonsk\u00e1 t\u0159\u00edda Passeig de Gr\u00e0cia na p\u0159elomu 19. a 20. stolet\u00ed z\u00edskala mimo\u0159\u00e1dn\u00fd v\u00fdznam jako elegantn\u00ed a modern\u00ed bulv\u00e1r, kde si stav\u011bla \u010din\u017eovn\u00ed domy elita tehdej\u0161\u00ed Barcelony. Tedy stav\u011bla&#8230; domy se v t\u00e9 dob\u011b nestav\u011bly na zelen\u00e9 louce, n\u00fdbr\u017e p\u0159estavovaly. Na remodelaci p\u016fvodn\u00edho oby\u010dejn\u00e9ho domu se najal architekt zvu\u010dn\u00e9ho jm\u00e9na a ten se postaral jak o fas\u00e1du, tak o interi\u00e9ry. V prvn\u00edm pat\u0159e obvykle bydlel v na\u010dan\u010dan\u00e9m byt\u011b majitel, byty v ostatn\u00edch patrech se pronajaly. Blok obytn\u00fdch dom\u016f p\u0159\u00edmo p\u0159ed v\u00fdstupem ze stanice metra Passeig de Gr\u00e0cia nebyl v\u00fdjimkou. Na p\u00e1r metrech tu kolem roku 1900 prob\u011bhl p\u0159\u00edmo kr\u00e1lovsk\u00fd souboj t\u0159\u00ed v\u00fdzna\u010dn\u00fdch architekt\u016f. Prvn\u00edm z nich byl <strong>Josep Puig<\/strong>, kter\u00fd mezi lety 1898 a 1900 navrhl <strong>Casa Amatller<\/strong>, druh\u00fdm <strong>Llu\u00eds Dom\u00e8nech<\/strong>, autor rohov\u00e9ho <strong>Casa Lle\u00f3 i Morera<\/strong> dokon\u010den\u00e9ho v roce 1905  a t\u0159et\u00edm nebyl nikdo jin\u00fd ne\u017e <strong>Antoni Gaud\u00ed<\/strong>, jeho\u017e <strong>Casa Batll\u00f3 <\/strong>dokon\u010den\u00e1 v roce 1907 p\u0159it\u00e1hne ro\u010dn\u011b kolem 1 milionu n\u00e1v\u0161t\u011bvn\u00edk\u016f. Tehdy platili za elitu v\u0161ichni t\u0159i a jejich &#8222;konkuren\u010dn\u00ed boj&#8220; o nejkr\u00e1sn\u011bj\u0161\u00ed d\u016fm na Passeig de Gr\u00e0cia s nap\u011bt\u00edm sledovala cel\u00e1 Barcelona. Bloku se dokonce p\u0159ezd\u00edvalo &#8222;manzana de la discordia&#8220; (\u0161pan\u011blsky &#8222;jablko sv\u00e1ru&#8220;). Pro\u010d jablko? No p\u0159ece proto, \u017ee \u0161pan\u011blsk\u00e9 slovo pro &#8222;jablko&#8220; (manzana) znamen\u00e1 tak\u00e9 blok nebo komplex dom\u016f.<\/p>\n\n\n\n<figure class=\"wp-block-image\"><img loading=\"lazy\" width=\"742\" height=\"1024\" src=\"https:\/\/spanelskodokapsy.cz\/wp-content\/uploads\/2019\/08\/IMG_0120-742x1024.jpg\" alt=\"\" class=\"wp-image-1032\" srcset=\"https:\/\/spanelskodokapsy.cz\/wp-content\/uploads\/2019\/08\/IMG_0120-742x1024.jpg 742w, https:\/\/spanelskodokapsy.cz\/wp-content\/uploads\/2019\/08\/IMG_0120-217x300.jpg 217w, https:\/\/spanelskodokapsy.cz\/wp-content\/uploads\/2019\/08\/IMG_0120-768x1060.jpg 768w\" sizes=\"(max-width: 706px) 89vw, (max-width: 767px) 82vw, 740px\" \/><figcaption>Dva modernistick\u00e9 skvosty vedle sebe. Vpravo slavn\u011bj\u0161\u00ed Casa Batll\u00f3, t\u011bsn\u011b vlevo nepr\u00e1vem opom\u00edjen\u00e1 Casa Amatller.<\/figcaption><\/figure>\n\n\n\n<p>V re\u00e1lu to s tou sout\u011b\u017e\u00ed nebylo tak hrozn\u00e9. Jak Josep Puig, tak i Antoni Gaud\u00ed byli Dom\u00e8nechovi \u017e\u00e1ci. Ve\u0159ejn\u00e9ho uzn\u00e1n\u00ed tehdy do\u0161la jeho Casa Lle\u00f3 i Morera, kter\u00e1 vyhr\u00e1la architektonickou cenu za rok 1906. D\u016fm najdete na Passeig de Gr\u00e0cia \u010d\u00edslo 35 a prohl\u00e9dnout si ho dnes m\u016f\u017eete pouze zvenku &#8211; zevnit\u0159 p\u0159\u00edstupn\u00fd nen\u00ed.<\/p>\n\n\n\n<figure class=\"wp-block-image\"><img loading=\"lazy\" width=\"768\" height=\"1024\" src=\"https:\/\/spanelskodokapsy.cz\/wp-content\/uploads\/2019\/08\/IMG_3602-768x1024.jpg\" alt=\"\" class=\"wp-image-1033\" srcset=\"https:\/\/spanelskodokapsy.cz\/wp-content\/uploads\/2019\/08\/IMG_3602-768x1024.jpg 768w, https:\/\/spanelskodokapsy.cz\/wp-content\/uploads\/2019\/08\/IMG_3602-225x300.jpg 225w\" sizes=\"(max-width: 767px) 89vw, (max-width: 1000px) 54vw, (max-width: 1071px) 543px, 580px\" \/><figcaption>Casa Lle\u00f3 i Morera. Jej\u00edm autorem je architekt Llu\u00eds Dom\u00e8nech<\/figcaption><\/figure>\n\n\n\n<p class=\"has-medium-font-size\"><strong>Casa Amatller<\/strong><\/p>\n\n\n\n<p>Pr\u016fjezd vlevo vedle Casa Batll\u00f3 skr\u00fdv\u00e1 vchod do jedin\u00e9ho kompletn\u011b zachoval\u00e9ho modernistick\u00e9ho domu v Barcelon\u011b. Josep Puig ho navrhl na p\u0159\u00e1n\u00ed zadavatele, kter\u00fdm byl bohat\u00fd majitel tov\u00e1rny na \u010dokol\u00e1du Antoni Amatller (jeho p\u0159\u00edjmen\u00ed v katal\u00e1n\u0161tin\u011b znamen\u00e1 &#8222;mandlovn\u00edk&#8220; a tak najdete motivy mandlov\u00fdch kv\u011bt\u016f a v\u011btvi\u010dek po cel\u00e9m dom\u011b). Amatller byl na tehdej\u0161\u00ed dobu velmi osv\u00edcen\u00fd, hodn\u011b cestoval, amat\u00e9rsky fotil (co\u017e na za\u010d\u00e1tku 20. stolet\u00ed rozhodn\u011b nebyl standard) a metody v\u00fdroby \u010dokol\u00e1dy p\u0159ej\u00edmal ze \u0161pi\u010dky sv\u00e9ho oboru &#8211; ze \u0160v\u00fdcarska.<\/p>\n\n\n\n<figure class=\"wp-block-image\"><img loading=\"lazy\" width=\"768\" height=\"1024\" src=\"https:\/\/spanelskodokapsy.cz\/wp-content\/uploads\/2019\/08\/IMG_5234-768x1024.jpg\" alt=\"\" class=\"wp-image-1031\" srcset=\"https:\/\/spanelskodokapsy.cz\/wp-content\/uploads\/2019\/08\/IMG_5234-768x1024.jpg 768w, https:\/\/spanelskodokapsy.cz\/wp-content\/uploads\/2019\/08\/IMG_5234-225x300.jpg 225w\" sizes=\"(max-width: 767px) 89vw, (max-width: 1000px) 54vw, (max-width: 1071px) 543px, 580px\" \/><figcaption>Fas\u00e1da Casa Amatller<\/figcaption><\/figure>\n\n\n\n<p>Josep Puig pro n\u011bj navrhl d\u016fm, kter\u00fd uvnit\u0159 ze v\u0161eho nejv\u00edc p\u0159ipom\u00edn\u00e1 star\u00fd (a temn\u00fd) z\u00e1mek. A taky jo &#8211; architekt \u010derpal inspiraci zejm\u00e9na z katal\u00e1nsk\u00e9ho st\u0159edov\u011bku. Mramorov\u00e9 podlahy a sloupy (tedy alespo\u0148 v t\u00e9 \u010d\u00e1sti bytu, do kter\u00e9 se vodily n\u00e1v\u0161t\u011bvy), n\u00e1bytek z temn\u00e9ho d\u0159eva, c\u00ednov\u00e9 lustry s barevn\u00fdmi skl\u00ed\u010dky, sochami zdoben\u00e9 krby, s\u00e1drov\u00e9 \u0161tukov\u00e1n\u00ed st\u011bn, kazetov\u00e9 stropy, tekouc\u00ed tepl\u00e1 voda oh\u0159\u00edvan\u00e1 d\u016fmysln\u011b kom\u00ednem&#8230; m\u00e1m pokra\u010dovat? <\/p>\n\n\n\n<ul class=\"wp-block-gallery columns-2 is-cropped\"><li class=\"blocks-gallery-item\"><figure><img loading=\"lazy\" width=\"768\" height=\"1024\" src=\"https:\/\/spanelskodokapsy.cz\/wp-content\/uploads\/2019\/08\/IMG_5833-768x1024.jpg\" alt=\"\" data-id=\"1030\" data-link=\"https:\/\/spanelskodokapsy.cz\/?attachment_id=1030\" class=\"wp-image-1030\" srcset=\"https:\/\/spanelskodokapsy.cz\/wp-content\/uploads\/2019\/08\/IMG_5833-768x1024.jpg 768w, https:\/\/spanelskodokapsy.cz\/wp-content\/uploads\/2019\/08\/IMG_5833-225x300.jpg 225w\" sizes=\"(max-width: 767px) 89vw, (max-width: 1000px) 54vw, (max-width: 1071px) 543px, 580px\" \/><figcaption>J\u00eddelna<\/figcaption><\/figure><\/li><li class=\"blocks-gallery-item\"><figure><img loading=\"lazy\" width=\"767\" height=\"1024\" src=\"https:\/\/spanelskodokapsy.cz\/wp-content\/uploads\/2019\/08\/IMG_3317-767x1024.jpg\" alt=\"\" data-id=\"1029\" data-link=\"https:\/\/spanelskodokapsy.cz\/?attachment_id=1029\" class=\"wp-image-1029\" srcset=\"https:\/\/spanelskodokapsy.cz\/wp-content\/uploads\/2019\/08\/IMG_3317-767x1024.jpg 767w, https:\/\/spanelskodokapsy.cz\/wp-content\/uploads\/2019\/08\/IMG_3317-225x300.jpg 225w, https:\/\/spanelskodokapsy.cz\/wp-content\/uploads\/2019\/08\/IMG_3317-768x1025.jpg 768w\" sizes=\"(max-width: 767px) 89vw, (max-width: 1000px) 54vw, (max-width: 1071px) 543px, 580px\" \/><figcaption>Chodba<\/figcaption><\/figure><\/li><\/ul>\n\n\n\n<p>S odstupem \u010dasu je jasn\u00e9, pro\u010d se nakonec &#8222;v\u00edt\u011bzem&#8220; stal pr\u00e1v\u011b Gaud\u00ed. Josep Puig byl klasick\u00fd, postavil kr\u00e1sn\u00fd d\u016fm, ale originality p\u0159\u00edli\u0161 nepobral. Gaud\u00ed byl naproti tomu vizion\u00e1\u0159 a fantasticky pracoval se sv\u011btlem, jeho domy v\u00e1s ohrom\u00ed na ka\u017ed\u00e9m kroku. Z pohledu za\u010d\u00e1tku 20. stolet\u00ed excentrik a fantasta, o sto let pozd\u011bji u\u017e jasn\u00fd g\u00e9nius. <\/p>\n\n\n\n<figure class=\"wp-block-image\"><img loading=\"lazy\" width=\"768\" height=\"1024\" src=\"https:\/\/spanelskodokapsy.cz\/wp-content\/uploads\/2019\/08\/IMG_9048-768x1024.jpg\" alt=\"\" class=\"wp-image-1028\" srcset=\"https:\/\/spanelskodokapsy.cz\/wp-content\/uploads\/2019\/08\/IMG_9048-768x1024.jpg 768w, https:\/\/spanelskodokapsy.cz\/wp-content\/uploads\/2019\/08\/IMG_9048-225x300.jpg 225w\" sizes=\"(max-width: 767px) 89vw, (max-width: 1000px) 54vw, (max-width: 1071px) 543px, 580px\" \/><figcaption>Lo\u017enice dcery pana tov\u00e1rn\u00edka, okna vedou na Passeig de Gr\u00e0cia. Sloup uprost\u0159ed je z \u010derven\u00e9ho mramoru &#8211; m\u011bl b\u00fdt velmi dob\u0159e vid\u011bt z ulice, bohatstv\u00ed se tehdy promy\u0161len\u011b p\u0159edv\u00e1d\u011blo.<\/figcaption><\/figure>\n\n\n\n<p>Kdy\u017e je to tak, pro\u010d byste m\u011bli nav\u0161t\u00edvit pr\u00e1v\u011b Casa Amatller a utratit 19 euro za komentovanou prohl\u00eddku? Tak p\u0159edev\u0161\u00edm proto, \u017ee d\u016fm se zachoval jako dokonal\u00fd celek v\u010detn\u011b interi\u00e9r\u016f, n\u00e1bytku, sb\u00edrky skla nebo pe\u010dliv\u011b zrekonstruovan\u00fdch tapet. Antoni Amatller zem\u0159el pouh\u00fdch deset let pot\u00e9, co se do sv\u00e9ho domu nast\u011bhoval, a jeho dcera Teresa se nikdy nevdala. P\u0159ed svou smrt\u00ed vytvo\u0159ila fond, kter\u00fd spravoval jak \u010dokol\u00e1dovny (\u010dokol\u00e1da zna\u010dky Amatller se dodnes vyr\u00e1b\u00ed a prod\u00e1v\u00e1), tak i Casa Amatller. Majetek tak z\u016fstal pohromad\u011b a z vybaven\u00ed nic nezmizelo &#8211; p\u0159ed v\u00e1mi je dokonal\u00e1 \u010dasov\u00e1 konzerva ve stylu <em>art deco<\/em> z Barcelony prvn\u00edch let dvac\u00e1t\u00e9ho stolet\u00ed.<\/p>\n\n\n\n<ul class=\"wp-block-gallery columns-2 is-cropped\"><li class=\"blocks-gallery-item\"><figure><img loading=\"lazy\" width=\"768\" height=\"1024\" src=\"https:\/\/spanelskodokapsy.cz\/wp-content\/uploads\/2019\/08\/IMG_2992-768x1024.jpg\" alt=\"\" data-id=\"1027\" data-link=\"https:\/\/spanelskodokapsy.cz\/?attachment_id=1027\" class=\"wp-image-1027\" srcset=\"https:\/\/spanelskodokapsy.cz\/wp-content\/uploads\/2019\/08\/IMG_2992-768x1024.jpg 768w, https:\/\/spanelskodokapsy.cz\/wp-content\/uploads\/2019\/08\/IMG_2992-225x300.jpg 225w\" sizes=\"(max-width: 767px) 89vw, (max-width: 1000px) 54vw, (max-width: 1071px) 543px, 580px\" \/><figcaption>Dal\u0161\u00edm kon\u00ed\u010dkem pana tov\u00e1rn\u00edka byla sb\u00edrka skla<\/figcaption><\/figure><\/li><li class=\"blocks-gallery-item\"><figure><img loading=\"lazy\" width=\"768\" height=\"1024\" src=\"https:\/\/spanelskodokapsy.cz\/wp-content\/uploads\/2019\/08\/IMG_3527-768x1024.jpg\" alt=\"\" data-id=\"1026\" data-link=\"https:\/\/spanelskodokapsy.cz\/?attachment_id=1026\" class=\"wp-image-1026\" srcset=\"https:\/\/spanelskodokapsy.cz\/wp-content\/uploads\/2019\/08\/IMG_3527-768x1024.jpg 768w, https:\/\/spanelskodokapsy.cz\/wp-content\/uploads\/2019\/08\/IMG_3527-225x300.jpg 225w\" sizes=\"(max-width: 767px) 89vw, (max-width: 1000px) 54vw, (max-width: 1071px) 543px, 580px\" \/><figcaption>\u010cokol\u00e1dy Amatller<\/figcaption><\/figure><\/li><\/ul>\n\n\n\n<p><strong>Praktick\u00e9 info: <\/strong>Casa Amatller je otev\u0159ena denn\u011b od 10 do 18 hodin. Ka\u017edou p\u016flhodinu se kon\u00e1 prohl\u00eddka v d\u00e9lce cca 45 minut, na cestu dostanete pr\u016fvodkyni a interaktivn\u00ed tablety s v\u00fdkladem (i v angli\u010dtin\u011b) do sluch\u00e1tek. J\u00e1 jsem byla v deset r\u00e1no jedin\u00e1 kandid\u00e1tka (co\u017e pom\u011brn\u011b p\u0159esn\u011b vypov\u00edd\u00e1 o vyt\u00ed\u017eenosti Casa Amatller &#8211; vstupy p\u0159edem kupovat ur\u010dit\u011b nemus\u00edte), tak\u017ee tablety z\u016fstaly ve sk\u0159\u00edni a u\u017eila jsem si samostatnou prohl\u00eddku s v\u00fdkladem p\u0159\u00edmo od pr\u016fvodkyn\u011b. Metro L2, L3 nebo L4, stanice Passeig de Gr\u00e0cia.<\/p>\n\n\n\n<p class=\"has-medium-font-size\"><strong>Poble Espanyol<\/strong><\/p>\n\n\n\n<p>Tak nebudeme si tu v\u016fbec nic zast\u00edrat. Zat\u00edmco Casa Amatller je, dejme tomu, prohl\u00eddka pro fajn\u0161mekry, n\u00e1v\u0161t\u011bva <strong>Poble Espanyol<\/strong> je bohapust\u00e1 turistick\u00e1 atrakce. V katal\u00e1n\u0161tin\u011b n\u00e1zev znamen\u00e1 &#8222;\u0160pan\u011blsk\u00e1 vesnice&#8220;, a ozna\u010duje se tak skanzen v are\u00e1lu kopce Montj\u00fcic. Poble Espanyol byla postavena u p\u0159\u00edle\u017eitosti Sv\u011btov\u00e9 v\u00fdstavy v Barcelon\u011b v roce 1929 a autorem \u00fapln\u011b prvn\u00edho n\u00e1padu na jej\u00ed v\u00fdstavbu byl pr\u00e1v\u011b architekt Casa Amatller &#8211; Josep Puig. V letech 1927 a 1928 se po \u0160pan\u011blsku rozjeli jej\u00ed pozd\u011bj\u0161\u00ed auto\u0159i a sb\u00edrali inspiraci a ty nejcharakteristi\u010dt\u011bj\u0161\u00ed stavebn\u00ed styly a budovy z cel\u00e9 zem\u011b.<\/p>\n\n\n\n<figure class=\"wp-block-image\"><img loading=\"lazy\" width=\"1024\" height=\"768\" src=\"https:\/\/spanelskodokapsy.cz\/wp-content\/uploads\/2019\/08\/IMG_7795-1-1024x768.jpg\" alt=\"\" class=\"wp-image-1034\" srcset=\"https:\/\/spanelskodokapsy.cz\/wp-content\/uploads\/2019\/08\/IMG_7795-1-1024x768.jpg 1024w, https:\/\/spanelskodokapsy.cz\/wp-content\/uploads\/2019\/08\/IMG_7795-1-300x225.jpg 300w, https:\/\/spanelskodokapsy.cz\/wp-content\/uploads\/2019\/08\/IMG_7795-1-768x576.jpg 768w\" sizes=\"(max-width: 767px) 89vw, (max-width: 1000px) 54vw, (max-width: 1071px) 543px, 580px\" \/><figcaption>V\u00fdhled z are\u00e1lu Poble Espanyol na Barcelonu. Koule ve v\u011btv\u00edch borovic jsou hn\u00edzda zelen\u00fdch jihoamerick\u00fdch papou\u0161k\u016f, jejich\u017e k\u0159ik prostupuje cel\u00fd Montj\u00fcic<\/figcaption><\/figure>\n\n\n\n<p>V\u00fdsledkem je, jak u\u017e jsme \u0159ekli, skanzen s rozlohou 50 000 metr\u016f \u010dtvere\u010dn\u00edch. Kamenn\u00e9 dome\u010dky, ulice, n\u00e1m\u011bst\u00ed\u010dka, to v\u0161e rozd\u011bleno do \u010dty\u0159 sektor\u016f: St\u0159ed (st\u0159edn\u00ed \u0160pan\u011blsko a Extremadura), Sever (severn\u00ed \u0160pan\u011blsko &#8211; Galicie, Asturie, Baskicko atakd\u00e1le), Jih (Andalusie) a St\u0159edozem\u00ed (pob\u0159e\u017e\u00ed St\u0159edozemn\u00edho mo\u0159e).<\/p>\n\n\n\n<figure class=\"wp-block-image\"><img loading=\"lazy\" width=\"1024\" height=\"768\" src=\"https:\/\/spanelskodokapsy.cz\/wp-content\/uploads\/2019\/08\/IMG_3253-1024x768.jpg\" alt=\"\" class=\"wp-image-1025\" srcset=\"https:\/\/spanelskodokapsy.cz\/wp-content\/uploads\/2019\/08\/IMG_3253-1024x768.jpg 1024w, https:\/\/spanelskodokapsy.cz\/wp-content\/uploads\/2019\/08\/IMG_3253-300x225.jpg 300w, https:\/\/spanelskodokapsy.cz\/wp-content\/uploads\/2019\/08\/IMG_3253-768x576.jpg 768w\" sizes=\"(max-width: 767px) 89vw, (max-width: 1000px) 54vw, (max-width: 1071px) 543px, 580px\" \/><figcaption>Stavby p\u0159edstavuj\u00edc\u00ed sever \u0160pan\u011blska<\/figcaption><\/figure>\n\n\n\n<p>Turistick\u00e1 atrakce nebo ne, uli\u010dky dost zda\u0159ile vystihuj\u00ed atmosf\u00e9ru a styl jednotliv\u00fdch \u010d\u00e1st\u00ed \u0160pan\u011blska, k \u010demu\u017e p\u0159isp\u00edv\u00e1 i pe\u010dliv\u00fd v\u00fdb\u011br rostlinstva. Nap\u0159\u00edklad &#8222;St\u0159edozem\u00ed&#8220; je os\u00e1zen\u00e9 pronikav\u011b von\u00edc\u00edmi borovicemi, v andalusk\u00e9 \u010d\u00e1sti zase najdete pestr\u00e9 kv\u011btin\u00e1\u010de pov\u011b\u0161en\u00e9 na st\u011bn\u00e1ch domk\u016f a pomeran\u010dovn\u00edky.<\/p>\n\n\n\n<figure class=\"wp-block-image\"><img loading=\"lazy\" width=\"768\" height=\"1024\" src=\"https:\/\/spanelskodokapsy.cz\/wp-content\/uploads\/2019\/08\/IMG_6186-768x1024.jpg\" alt=\"\" class=\"wp-image-1035\" srcset=\"https:\/\/spanelskodokapsy.cz\/wp-content\/uploads\/2019\/08\/IMG_6186-768x1024.jpg 768w, https:\/\/spanelskodokapsy.cz\/wp-content\/uploads\/2019\/08\/IMG_6186-225x300.jpg 225w, https:\/\/spanelskodokapsy.cz\/wp-content\/uploads\/2019\/08\/IMG_6186.jpg 1512w\" sizes=\"(max-width: 767px) 89vw, (max-width: 1000px) 54vw, (max-width: 1071px) 543px, 580px\" \/><figcaption>B\u00edl\u00e9 dome\u010dky po stran\u00e1ch reprezentuj\u00ed &#8222;Jih&#8220;. Ale pozor &#8211; v\u011b\u017e se zvonic\u00ed v pr\u016fhledu je u\u017e v mud\u00e9jarsk\u00e9m stylu, kter\u00fd je typick\u00fd pro Arag\u00f3n (na severov\u00fdchod\u011b \u0160pan\u011blska).<\/figcaption><\/figure>\n\n\n\n<p>Popularitu a zda\u0159ilost Poble Espanyol nejl\u00e9pe vystihuje to, \u017ee a\u010d byla p\u016fvodn\u011b zam\u00fd\u0161lena jako do\u010dasn\u00e1 atrakce po dobu v\u00fdstavy &#8211; na pouh\u00fdch \u0161est m\u011bs\u00edc\u016f &#8211; dome\u010dky nakonec nebyly str\u017eeny a z\u016fstaly na m\u00edst\u011b dodnes. V jejich p\u0159\u00edzem\u00ed \u010dasto najdete obch\u016fdky a restaurace, ale bydlet v nich nikdo nesm\u00ed. Na to jsou p\u0159ece jen trochu k\u0159ehk\u00e9 &#8211; nemaj\u00ed z\u00e1klady.<\/p>\n\n\n\n<figure class=\"wp-block-image\"><img loading=\"lazy\" width=\"768\" height=\"1024\" src=\"https:\/\/spanelskodokapsy.cz\/wp-content\/uploads\/2019\/08\/IMG_6194-768x1024.jpg\" alt=\"\" class=\"wp-image-1036\" srcset=\"https:\/\/spanelskodokapsy.cz\/wp-content\/uploads\/2019\/08\/IMG_6194-768x1024.jpg 768w, https:\/\/spanelskodokapsy.cz\/wp-content\/uploads\/2019\/08\/IMG_6194-225x300.jpg 225w, https:\/\/spanelskodokapsy.cz\/wp-content\/uploads\/2019\/08\/IMG_6194.jpg 1512w\" sizes=\"(max-width: 767px) 89vw, (max-width: 1000px) 54vw, (max-width: 1071px) 543px, 580px\" \/><figcaption>Reprezentanti &#8222;St\u0159edu&#8220;<\/figcaption><\/figure>\n\n\n\n<p><strong>Praktick\u00e9 info:<\/strong> Do Poble Espanyol se dostanete metrem trasy L1, L3 nebo L8, vystupte na stanici Espanya a vydejte se od Pla\u00e7a Espanya sm\u011brem k font\u00e1n\u011b. P\u0159\u00edmo p\u0159ed n\u00ed pak zahn\u011bte doprava a pokra\u010dujte do kopce na Montj\u00fcic, po p\u00e1r set metrech dojdete k bran\u00e1m Poble Espanyol. Nelekn\u011bte se turisticky vyhl\u00ed\u017eej\u00edc\u00edch upout\u00e1vek a zatn\u011bte zuby &#8211; vstup v\u00e1s p\u0159ijde na 14 euro. Za tu cenu n\u00e1v\u0161t\u011bva celkem stoj\u00ed, are\u00e1l je velk\u00fd, najdete v n\u011bm i muzeum sou\u010dasn\u00e9ho \u0161pan\u011blsk\u00e9ho um\u011bn\u00ed a ka\u017ed\u00fd den se tu konaj\u00ed r\u016fzn\u00e9 kulturn\u00ed akce. V jedn\u00e9 z u\u0161mudlan\u011bji vyhl\u00ed\u017eej\u00edc\u00edch zahr\u00e1dek jsem si dala ob\u011bd &#8211; a jejich paella byla p\u0159\u00edmo nebesk\u00e1.<\/p>\n\n\n\n<figure class=\"wp-block-image\"><img loading=\"lazy\" width=\"1024\" height=\"768\" src=\"https:\/\/spanelskodokapsy.cz\/wp-content\/uploads\/2019\/08\/IMG_6163-1024x768.jpg\" alt=\"\" class=\"wp-image-1039\" srcset=\"https:\/\/spanelskodokapsy.cz\/wp-content\/uploads\/2019\/08\/IMG_6163-1024x768.jpg 1024w, https:\/\/spanelskodokapsy.cz\/wp-content\/uploads\/2019\/08\/IMG_6163-300x225.jpg 300w, https:\/\/spanelskodokapsy.cz\/wp-content\/uploads\/2019\/08\/IMG_6163-768x576.jpg 768w, https:\/\/spanelskodokapsy.cz\/wp-content\/uploads\/2019\/08\/IMG_6163.jpg 2016w\" sizes=\"(max-width: 767px) 89vw, (max-width: 1000px) 54vw, (max-width: 1071px) 543px, 580px\" \/><figcaption>St\u0159edomo\u0159\u00ed<\/figcaption><\/figure>\n","protected":false},"excerpt":{"rendered":"<p>(ned\u011ble 25. 8. 2019) Je teprve kolem dev\u00e1t\u00e9 r\u00e1no, ale venku u\u017e je 24 stup\u0148\u016f a slunce p\u00e1l\u00ed. Co teprve chodby uvnit\u0159 metra, to je ta prav\u00e1 tlama pekeln\u00e1, ve \u0160pan\u011blsku jsou rozp\u00e1len\u00e9 i na za\u010d\u00e1tku podzimu. Ne\u017e p\u0159ijede klimatizovan\u00fd vlak metra, m\u00e1lem se na n\u00e1stupi\u0161ti rozpust\u00edm. \u010c\u00e1sti n\u011bkter\u00fdch linek jsou a\u017e do konce srpna &hellip; <\/p>\n<p class=\"link-more\"><a href=\"https:\/\/spanelskodokapsy.cz\/index.php\/2019\/08\/28\/treti-barcelonsky-denik-2-2\/\" class=\"more-link\">Pokra\u010dovat ve \u010dten\u00ed<span class=\"screen-reader-text\"> &#8222;T\u0159et\u00ed barcelonsk\u00fd den\u00edk &#8211; 2\/2&#8220;<\/span><\/a><\/p>\n","protected":false},"author":1,"featured_media":0,"comment_status":"open","ping_status":"open","sticky":false,"template":"","format":"standard","meta":[],"categories":[3,42,31],"tags":[83,32,33,84],"amp_enabled":true,"_links":{"self":[{"href":"https:\/\/spanelskodokapsy.cz\/index.php\/wp-json\/wp\/v2\/posts\/1022"}],"collection":[{"href":"https:\/\/spanelskodokapsy.cz\/index.php\/wp-json\/wp\/v2\/posts"}],"about":[{"href":"https:\/\/spanelskodokapsy.cz\/index.php\/wp-json\/wp\/v2\/types\/post"}],"author":[{"embeddable":true,"href":"https:\/\/spanelskodokapsy.cz\/index.php\/wp-json\/wp\/v2\/users\/1"}],"replies":[{"embeddable":true,"href":"https:\/\/spanelskodokapsy.cz\/index.php\/wp-json\/wp\/v2\/comments?post=1022"}],"version-history":[{"count":5,"href":"https:\/\/spanelskodokapsy.cz\/index.php\/wp-json\/wp\/v2\/posts\/1022\/revisions"}],"predecessor-version":[{"id":1043,"href":"https:\/\/spanelskodokapsy.cz\/index.php\/wp-json\/wp\/v2\/posts\/1022\/revisions\/1043"}],"wp:attachment":[{"href":"https:\/\/spanelskodokapsy.cz\/index.php\/wp-json\/wp\/v2\/media?parent=1022"}],"wp:term":[{"taxonomy":"category","embeddable":true,"href":"https:\/\/spanelskodokapsy.cz\/index.php\/wp-json\/wp\/v2\/categories?post=1022"},{"taxonomy":"post_tag","embeddable":true,"href":"https:\/\/spanelskodokapsy.cz\/index.php\/wp-json\/wp\/v2\/tags?post=1022"}],"curies":[{"name":"wp","href":"https:\/\/api.w.org\/{rel}","templated":true}]}}